{"id":10034,"date":"2017-02-09T11:43:30","date_gmt":"2017-02-09T17:43:30","guid":{"rendered":"http:\/\/www.plurinominal.com.mx\/?p=10034"},"modified":"2017-02-09T11:43:30","modified_gmt":"2017-02-09T17:43:30","slug":"grafitis-ofensivos-en-kinder-francisco-gonzalez-bocanegra","status":"publish","type":"post","link":"https:\/\/www.plurinominal.com.mx\/?p=10034","title":{"rendered":"Grafitis ofensivos en k\u00ednder Francisco Gonz\u00e1lez Bocanegra"},"content":{"rendered":"<ul>\n<li>Pintas de supuestas \u201caventuras\u201d tienen por objeto desacreditar a madres de familia<\/li>\n<li>Afectadas tienen sospechas de responsable, pedir\u00e1n se le castigue conforme a la ley<\/li>\n<\/ul>\n<p style=\"text-align: justify;\">MARCO SERNA<br \/>\nSerias ofensas que revelan supuestas \u201caventuras\u201d de madres de familia, contin\u00faan desprestigiando a se\u00f1oras que han pedido a autoridades educativas y municipales, se act\u00fae contra responsables.<br \/>\nEste 7 de febrero, de nuevo amanecieron los grafitis en el k\u00ednder Francisco Gonz\u00e1lez Bocanegra, sentencias que tienen como finalidad afectar a se\u00f1oras que llevan sus hijos a la escuela, pues exhiben supuestos hechos que a cualquiera causan verg\u00fcenza sean ciertos o no.<br \/>\nPlurinominal habl\u00f3 con la Directora Suggey Carre\u00f3n Cuevas, quien reconoci\u00f3 que el problema ocurre seguido, al parecer se trata de casos de enemistades entre particulares, sin embargo las afectadas han pedido se intervenga para castigar a quienes rayan las paredes, \u201cy al parecer est\u00e1n identificadas\u201d.<br \/>\nLa Directora del plantel ya dio aviso a la Direcci\u00f3n de Seguridad P\u00fablica Municipal, as\u00ed como al Ministerio P\u00fablico, sin embargo es necesario presentar pruebas y testigos, adem\u00e1s de que se recomend\u00f3 que se le d\u00e9 vista a la Secretar\u00eda de Educaci\u00f3n P\u00fablica.<br \/>\nLa escuela manda pintar pero de inmediato vuelven a amanecer m\u00e1s pintas, se cree que los agresores aprovechan que el \u00e1rea goza de oscuridad por las noches, aunque otra versi\u00f3n es que el rayadero puede llevarse a cabo antes de que salga o se meta el sol.<br \/>\nAutoridades pidieron a las personas recurrir a denunciar al culpable, y se asegur\u00f3 que se mantendr\u00e1 el anonimato de los acusadores para poner fin a este embrollo y castigar a los ofensores por difamaci\u00f3n y da\u00f1os a la instituci\u00f3n p\u00fablica.<\/p>\n","protected":false},"excerpt":{"rendered":"<p>Pintas de supuestas \u201caventuras\u201d tienen por objeto desacreditar a madres de familia Afectadas tienen sospechas de responsable, pedir\u00e1n se le castigue conforme a la ley MARCO SERNA Serias ofensas que&#8230;<\/p>\n","protected":false},"author":1,"featured_media":10038,"comment_status":"closed","ping_status":"open","sticky":false,"template":"","format":"standard","meta":{"footnotes":""},"categories":[3,486],"tags":[],"class_list":["post-10034","post","type-post","status-publish","format-standard","has-post-thumbnail","hentry","category-cerritos","category-educacion","entry","simple"],"_links":{"self":[{"href":"https:\/\/www.plurinominal.com.mx\/index.php?rest_route=\/wp\/v2\/posts\/10034","targetHints":{"allow":["GET"]}}],"collection":[{"href":"https:\/\/www.plurinominal.com.mx\/index.php?rest_route=\/wp\/v2\/posts"}],"about":[{"href":"https:\/\/www.plurinominal.com.mx\/index.php?rest_route=\/wp\/v2\/types\/post"}],"author":[{"embeddable":true,"href":"https:\/\/www.plurinominal.com.mx\/index.php?rest_route=\/wp\/v2\/users\/1"}],"replies":[{"embeddable":true,"href":"https:\/\/www.plurinominal.com.mx\/index.php?rest_route=%2Fwp%2Fv2%2Fcomments&post=10034"}],"version-history":[{"count":0,"href":"https:\/\/www.plurinominal.com.mx\/index.php?rest_route=\/wp\/v2\/posts\/10034\/revisions"}],"wp:featuredmedia":[{"embeddable":true,"href":"https:\/\/www.plurinominal.com.mx\/index.php?rest_route=\/wp\/v2\/media\/10038"}],"wp:attachment":[{"href":"https:\/\/www.plurinominal.com.mx\/index.php?rest_route=%2Fwp%2Fv2%2Fmedia&parent=10034"}],"wp:term":[{"taxonomy":"category","embeddable":true,"href":"https:\/\/www.plurinominal.com.mx\/index.php?rest_route=%2Fwp%2Fv2%2Fcategories&post=10034"},{"taxonomy":"post_tag","embeddable":true,"href":"https:\/\/www.plurinominal.com.mx\/index.php?rest_route=%2Fwp%2Fv2%2Ftags&post=10034"}],"curies":[{"name":"wp","href":"https:\/\/api.w.org\/{rel}","templated":true}]}}