{"id":1009,"date":"2011-12-20T23:03:39","date_gmt":"2011-12-21T05:03:39","guid":{"rendered":"http:\/\/www.plurinominal.com.mx\/?p=1009"},"modified":"2011-12-20T23:03:39","modified_gmt":"2011-12-21T05:03:39","slug":"invitan-a-la-posada-azul","status":"publish","type":"post","link":"https:\/\/www.plurinominal.com.mx\/?p=1009","title":{"rendered":"Invitan a la \u201cPosada Azul\u201d"},"content":{"rendered":"<p>Dar\u00e1 inicio a las 17:00 horas de este mi\u00e9rcoles 21<\/p>\n<p>Marco Serna<br \/>\nA fin de dar muestras de unidad partidista, la \u201cPosada Azul\u201d se program\u00f3 para este mi\u00e9rcoles 21 de diciembre en las oficinas del Partido Acci\u00f3n Nacional.<br \/>\nEl Licenciado Arturo Narv\u00e1ez, inform\u00f3 que los dos \u201cpre candidatos\u201d encabezan este evento en conjunto con el Comit\u00e9 Directivo Municipal.<br \/>\nPara el mismo, manifest\u00f3 que \u201ctodos los miembros aportaron de acuerdo a la medida de sus posibilidades\u201d.<br \/>\nLa invitaci\u00f3n se hace al p\u00fablico en general, principalmente a los peque\u00f1ines para que disfruten de este acto acorde a las festividades decembrinas.<br \/>\nLa \u201cposada azul\u201d, dar\u00e1 inicio a partir de las 17:00 horas.<\/p>\n","protected":false},"excerpt":{"rendered":"<p>Dar\u00e1 inicio a las 17:00 horas de este mi\u00e9rcoles 21 Marco Serna A fin de dar muestras de unidad partidista, la \u201cPosada Azul\u201d se program\u00f3 para este mi\u00e9rcoles 21 de&#8230;<\/p>\n","protected":false},"author":1,"featured_media":0,"comment_status":"closed","ping_status":"open","sticky":false,"template":"","format":"standard","meta":{"footnotes":""},"categories":[3],"tags":[],"class_list":["post-1009","post","type-post","status-publish","format-standard","hentry","category-cerritos","entry","simple"],"_links":{"self":[{"href":"https:\/\/www.plurinominal.com.mx\/index.php?rest_route=\/wp\/v2\/posts\/1009","targetHints":{"allow":["GET"]}}],"collection":[{"href":"https:\/\/www.plurinominal.com.mx\/index.php?rest_route=\/wp\/v2\/posts"}],"about":[{"href":"https:\/\/www.plurinominal.com.mx\/index.php?rest_route=\/wp\/v2\/types\/post"}],"author":[{"embeddable":true,"href":"https:\/\/www.plurinominal.com.mx\/index.php?rest_route=\/wp\/v2\/users\/1"}],"replies":[{"embeddable":true,"href":"https:\/\/www.plurinominal.com.mx\/index.php?rest_route=%2Fwp%2Fv2%2Fcomments&post=1009"}],"version-history":[{"count":0,"href":"https:\/\/www.plurinominal.com.mx\/index.php?rest_route=\/wp\/v2\/posts\/1009\/revisions"}],"wp:attachment":[{"href":"https:\/\/www.plurinominal.com.mx\/index.php?rest_route=%2Fwp%2Fv2%2Fmedia&parent=1009"}],"wp:term":[{"taxonomy":"category","embeddable":true,"href":"https:\/\/www.plurinominal.com.mx\/index.php?rest_route=%2Fwp%2Fv2%2Fcategories&post=1009"},{"taxonomy":"post_tag","embeddable":true,"href":"https:\/\/www.plurinominal.com.mx\/index.php?rest_route=%2Fwp%2Fv2%2Ftags&post=1009"}],"curies":[{"name":"wp","href":"https:\/\/api.w.org\/{rel}","templated":true}]}}