{"id":1011,"date":"2011-12-21T07:57:46","date_gmt":"2011-12-21T13:57:46","guid":{"rendered":"http:\/\/www.plurinominal.com.mx\/?p=1011"},"modified":"2011-12-21T07:57:46","modified_gmt":"2011-12-21T13:57:46","slug":"villa-juarez-ya-tiene-aspirantes-a-la-presidencia","status":"publish","type":"post","link":"https:\/\/www.plurinominal.com.mx\/?p=1011","title":{"rendered":"Villa Ju\u00e1rez ya tiene aspirantes a la presidencia"},"content":{"rendered":"<p>Jes\u00fas Ruiz no intent\u00f3 la diputaci\u00f3n<\/p>\n<p>Del equipo de redacci\u00f3n<br \/>\nVilla Ju\u00e1rez ya tiene aspirantes a la presidencia.<br \/>\nSon cuatro personas, las que han puesto especial sabor de disputa interna que podr\u00eda desencadenar en desuni\u00f3n, m\u00e1s que nada con uno de los candidatos que no es identificado como de la gente que actualmente se encuentra en la administraci\u00f3n.<br \/>\nAl tiempo en que se conoc\u00eda la presente informaci\u00f3n, se supo al siguiente d\u00eda de terminar el registro de precandidatos, que Jes\u00fas Ruiz Castillo por ahora no busca la diputaci\u00f3n.<br \/>\nActualmente se asegura que su gente es la que promovi\u00f3 de \u00faltima hora la candidatura de la presidenta que pidi\u00f3 licencia esta semana, Goya Hern\u00e1ndez, de Villa de Arista, para buscar ganarle la partida a Frank de \u00c1vila. \u00c9l est\u00e1 identificado con una corriente distinta de panistas apoyada por un buen grupo de paisanos y familiares de \u00e9stos.<br \/>\nPor lo que respecta a los presidenciables, los registrados fueron Jos\u00e9 Ignacio Chavira, Manuel Mart\u00ednez, Amado Ruiz y Gertrudis Silva.<br \/>\nNo se descarta que Gertrudis Silva d\u00e9 una buena batalla interna, ya que tiene de su lado a un gran n\u00famero de activos del Comit\u00e9 Directivo Municipal, lo que le podr\u00eda servir a la hora de la elecci\u00f3n.<br \/>\nPor lo que respecta a los que primero se han mencionado, se habla de que existen m\u00e1s posibilidad de que se unifiquen, contrario a lo que pasar\u00eda con Gertrudis, porque es del grupo que m\u00e1s remarcadas diferencias tiene con los que actualmente se encuentran en la presidencia, pero no est\u00e1 descartado que llegue a tener buenos acuerdos con Manuel Mart\u00ednez e Ignacio Chavira, \u00e9ste \u00faltimo est\u00e1 siendo impulsado por varios funcionarios, entre los que se encuentran el s\u00edndico municipal, que recientemente ha recibido cr\u00edticas negativas por vecinos de Granjenal.<br \/>\nDurante la semana que termin\u00f3, Jes\u00fas Ruiz Castillo declin\u00f3 en sus aspiraciones y ahora se habla de que uni\u00f3 fuerzas con Goya Hern\u00e1ndez, la presidenta con licencia de Villa de Arista, que le har\u00e1 la contraria a Frank de \u00c1vila, qui\u00e9n qued\u00f3 registrado como aspirante a la diputaci\u00f3n local.<br \/>\nPor parte de simpatizantes del partido se confirm\u00f3 que Goya Hern\u00e1ndez el mismo mi\u00e9rcoles anduvo recabando firmas para formar su frente de simpatizantes.<br \/>\nDe Jes\u00fas Ruiz no se conoce bien su futuro pol\u00edtico, porque hasta ahora solamente ha declarado a un medio de comunicaci\u00f3n regional que por cuestiones personales prefer\u00eda dar prioridad a los proyectos ya encaminados dentro de su administraci\u00f3n.<\/p>\n","protected":false},"excerpt":{"rendered":"<p>Jes\u00fas Ruiz no intent\u00f3 la diputaci\u00f3n Del equipo de redacci\u00f3n Villa Ju\u00e1rez ya tiene aspirantes a la presidencia. Son cuatro personas, las que han puesto especial sabor de disputa interna&#8230;<\/p>\n","protected":false},"author":1,"featured_media":0,"comment_status":"closed","ping_status":"open","sticky":false,"template":"","format":"standard","meta":{"footnotes":""},"categories":[4],"tags":[],"class_list":["post-1011","post","type-post","status-publish","format-standard","hentry","category-villa-juarez","entry","simple"],"_links":{"self":[{"href":"https:\/\/www.plurinominal.com.mx\/index.php?rest_route=\/wp\/v2\/posts\/1011","targetHints":{"allow":["GET"]}}],"collection":[{"href":"https:\/\/www.plurinominal.com.mx\/index.php?rest_route=\/wp\/v2\/posts"}],"about":[{"href":"https:\/\/www.plurinominal.com.mx\/index.php?rest_route=\/wp\/v2\/types\/post"}],"author":[{"embeddable":true,"href":"https:\/\/www.plurinominal.com.mx\/index.php?rest_route=\/wp\/v2\/users\/1"}],"replies":[{"embeddable":true,"href":"https:\/\/www.plurinominal.com.mx\/index.php?rest_route=%2Fwp%2Fv2%2Fcomments&post=1011"}],"version-history":[{"count":0,"href":"https:\/\/www.plurinominal.com.mx\/index.php?rest_route=\/wp\/v2\/posts\/1011\/revisions"}],"wp:attachment":[{"href":"https:\/\/www.plurinominal.com.mx\/index.php?rest_route=%2Fwp%2Fv2%2Fmedia&parent=1011"}],"wp:term":[{"taxonomy":"category","embeddable":true,"href":"https:\/\/www.plurinominal.com.mx\/index.php?rest_route=%2Fwp%2Fv2%2Fcategories&post=1011"},{"taxonomy":"post_tag","embeddable":true,"href":"https:\/\/www.plurinominal.com.mx\/index.php?rest_route=%2Fwp%2Fv2%2Ftags&post=1011"}],"curies":[{"name":"wp","href":"https:\/\/api.w.org\/{rel}","templated":true}]}}