{"id":1018,"date":"2011-12-22T14:58:33","date_gmt":"2011-12-22T20:58:33","guid":{"rendered":"http:\/\/www.plurinominal.com.mx\/?p=1018"},"modified":"2011-12-22T14:58:33","modified_gmt":"2011-12-22T20:58:33","slug":"se-llevo-a-cabo-la-posada-azul","status":"publish","type":"post","link":"https:\/\/www.plurinominal.com.mx\/?p=1018","title":{"rendered":"Se llev\u00f3 a cabo la \u201cPosada Azul\u201d"},"content":{"rendered":"<p>Marco Serna<br \/>\nLas oficinas del Partido Acci\u00f3n Nacional que se ubican sobre la calle P\u00edpila de la comuna cerritense, fueron insuficientes para el n\u00famero de familias que acudieron despu\u00e9s de las 17:00 horas de este mi\u00e9rcoles 21 de diciembre a la \u201cPosada Azul\u201d.<\/p>\n","protected":false},"excerpt":{"rendered":"<p>Marco Serna Las oficinas del Partido Acci\u00f3n Nacional que se ubican sobre la calle P\u00edpila de la comuna cerritense, fueron insuficientes para el n\u00famero de familias que acudieron despu\u00e9s de&#8230;<\/p>\n","protected":false},"author":1,"featured_media":1019,"comment_status":"closed","ping_status":"open","sticky":false,"template":"","format":"standard","meta":{"footnotes":""},"categories":[3],"tags":[],"class_list":["post-1018","post","type-post","status-publish","format-standard","has-post-thumbnail","hentry","category-cerritos","entry","simple"],"_links":{"self":[{"href":"https:\/\/www.plurinominal.com.mx\/index.php?rest_route=\/wp\/v2\/posts\/1018","targetHints":{"allow":["GET"]}}],"collection":[{"href":"https:\/\/www.plurinominal.com.mx\/index.php?rest_route=\/wp\/v2\/posts"}],"about":[{"href":"https:\/\/www.plurinominal.com.mx\/index.php?rest_route=\/wp\/v2\/types\/post"}],"author":[{"embeddable":true,"href":"https:\/\/www.plurinominal.com.mx\/index.php?rest_route=\/wp\/v2\/users\/1"}],"replies":[{"embeddable":true,"href":"https:\/\/www.plurinominal.com.mx\/index.php?rest_route=%2Fwp%2Fv2%2Fcomments&post=1018"}],"version-history":[{"count":0,"href":"https:\/\/www.plurinominal.com.mx\/index.php?rest_route=\/wp\/v2\/posts\/1018\/revisions"}],"wp:featuredmedia":[{"embeddable":true,"href":"https:\/\/www.plurinominal.com.mx\/index.php?rest_route=\/wp\/v2\/media\/1019"}],"wp:attachment":[{"href":"https:\/\/www.plurinominal.com.mx\/index.php?rest_route=%2Fwp%2Fv2%2Fmedia&parent=1018"}],"wp:term":[{"taxonomy":"category","embeddable":true,"href":"https:\/\/www.plurinominal.com.mx\/index.php?rest_route=%2Fwp%2Fv2%2Fcategories&post=1018"},{"taxonomy":"post_tag","embeddable":true,"href":"https:\/\/www.plurinominal.com.mx\/index.php?rest_route=%2Fwp%2Fv2%2Ftags&post=1018"}],"curies":[{"name":"wp","href":"https:\/\/api.w.org\/{rel}","templated":true}]}}