{"id":10203,"date":"2017-04-02T17:36:26","date_gmt":"2017-04-02T22:36:26","guid":{"rendered":"http:\/\/www.plurinominal.com.mx\/?p=10203"},"modified":"2017-04-04T17:37:25","modified_gmt":"2017-04-04T22:37:25","slug":"basurero-un-problema-de-todos","status":"publish","type":"post","link":"https:\/\/www.plurinominal.com.mx\/?p=10203","title":{"rendered":"\u00abBasurero, un problema de todos\u00bb"},"content":{"rendered":"<ul>\n<li>Regidor invita a ciudadanos a separar residuos y apoyar reciclaje<\/li>\n<\/ul>\n<p style=\"text-align: justify;\">MARCO SERNA<br \/>\nCon el fin de solucionar la problem\u00e1tica del basurero municipal, autoridades han sostenido reuniones enfocadas solo a ese fin.<br \/>\nAs\u00ed lo revel\u00f3 el cuarto regidor Carlos Alberto Ruiz P\u00e9rez, quien dijo que el alcalde Jos\u00e9 Alfredo Alfredo Sauceda Loredo, as\u00ed como los encargados de Ecolog\u00eda, Servicios Municipales y Obras P\u00fablicas, buscan la soluci\u00f3n m\u00e1s r\u00e1pida y eficiente.<br \/>\nCarlos Ruiz coment\u00f3 que el tema es delicado, pues afecta la salud de los habitantes, adem\u00e1s de que genera un grave impacto negativo en el medio ambiente y consider\u00f3 que el Relleno Sanitario es \u00abla herencia costosa sin brillo pol\u00edtico de pasadas administraciones irresponsables\u00bb.<br \/>\nEl regidor del Partido Verde, a\u00f1adi\u00f3 que ya se tienen varios proyectos gestionados ante dependencias federales y estatales para mejorar el servicio, y recalc\u00f3 que todos como ciudadanos somos responsables de la basura que proviene de hogares, escuelas y negocios.<br \/>\nPor lo anterior invit\u00f3 a particulares a \u00absepararla y venderla\u00bb en los Centros de Acopio existentes, \u00abde esa manera llegar\u00eda menos basura al Relleno Sanitario\u00bb, dijo Carlos Ruiz.<\/p>\n","protected":false},"excerpt":{"rendered":"<p>Regidor invita a ciudadanos a separar residuos y apoyar reciclaje MARCO SERNA Con el fin de solucionar la problem\u00e1tica del basurero municipal, autoridades han sostenido reuniones enfocadas solo a ese&#8230;<\/p>\n","protected":false},"author":1,"featured_media":0,"comment_status":"closed","ping_status":"open","sticky":false,"template":"","format":"standard","meta":{"footnotes":""},"categories":[3,483,486],"tags":[],"class_list":["post-10203","post","type-post","status-publish","format-standard","hentry","category-cerritos","category-cultura","category-educacion","entry","simple"],"_links":{"self":[{"href":"https:\/\/www.plurinominal.com.mx\/index.php?rest_route=\/wp\/v2\/posts\/10203","targetHints":{"allow":["GET"]}}],"collection":[{"href":"https:\/\/www.plurinominal.com.mx\/index.php?rest_route=\/wp\/v2\/posts"}],"about":[{"href":"https:\/\/www.plurinominal.com.mx\/index.php?rest_route=\/wp\/v2\/types\/post"}],"author":[{"embeddable":true,"href":"https:\/\/www.plurinominal.com.mx\/index.php?rest_route=\/wp\/v2\/users\/1"}],"replies":[{"embeddable":true,"href":"https:\/\/www.plurinominal.com.mx\/index.php?rest_route=%2Fwp%2Fv2%2Fcomments&post=10203"}],"version-history":[{"count":0,"href":"https:\/\/www.plurinominal.com.mx\/index.php?rest_route=\/wp\/v2\/posts\/10203\/revisions"}],"wp:attachment":[{"href":"https:\/\/www.plurinominal.com.mx\/index.php?rest_route=%2Fwp%2Fv2%2Fmedia&parent=10203"}],"wp:term":[{"taxonomy":"category","embeddable":true,"href":"https:\/\/www.plurinominal.com.mx\/index.php?rest_route=%2Fwp%2Fv2%2Fcategories&post=10203"},{"taxonomy":"post_tag","embeddable":true,"href":"https:\/\/www.plurinominal.com.mx\/index.php?rest_route=%2Fwp%2Fv2%2Ftags&post=10203"}],"curies":[{"name":"wp","href":"https:\/\/api.w.org\/{rel}","templated":true}]}}