{"id":10264,"date":"2017-05-11T00:50:45","date_gmt":"2017-05-11T05:50:45","guid":{"rendered":"http:\/\/www.plurinominal.com.mx\/?p=10264"},"modified":"2017-05-11T00:50:45","modified_gmt":"2017-05-11T05:50:45","slug":"cede-celebra-reuniones-de-asesoria","status":"publish","type":"post","link":"https:\/\/www.plurinominal.com.mx\/?p=10264","title":{"rendered":"CEDE celebra reuniones de asesor\u00eda"},"content":{"rendered":"<ul>\n<li style=\"text-align: justify;\">Capacitaci\u00f3n es impartida por representantes del Instituto de Profesionalizaci\u00f3n del Magisterio Potosino<\/li>\n<\/ul>\n<p style=\"text-align: justify;\">FRANCISCO V. DE LA CRUZ<br \/>\nAl Centro de Desarrollo Educativo (CEDE) acudieron los asesores que tendr\u00e1n la responsabilidad de multiplicar los cursos estatales entre docentes en la regi\u00f3n. Asisitieron por indicaciones de la Doctora Elda Ozuna Mart\u00ednez, Directora del Instituto de Profesionalizaci\u00f3n del Magisterio Potosino para analizar el cat\u00e1logo estatal de informaci\u00f3n continua 2017, donde se establece la oferta acad\u00e9mica estatal de formaci\u00f3n continua para los docentes. As\u00ed lo inform\u00f3 el Profesor Benito Morales Pesina, Coordinador del Centro de Maestros.<br \/>\nDijo que la primera reuni\u00f3n de asesor\u00eda y capacitaci\u00f3n se realiz\u00f3 el mi\u00e9rcoles 3 de abril, asistiendo personal docente de ciudad Fern\u00e1ndez, Cerritos y Villa Ju\u00e1rez, quienes forman parte del grupo acad\u00e9mico que voluntariamente estar\u00e1 participando en la coordinaci\u00f3n de los cursos de la l\u00ednea dos como es: atenci\u00f3n al personal educativo a partir de las necesidades de formaci\u00f3n, derivadas de los mecanismos y procesos del Servicio Profesional Docente.<br \/>\nEn reuni\u00f3n posterior, se capacitar\u00e1 a los docentes en los cursos de la l\u00ednea uno y tres con lo cual quedar\u00eda completo el cat\u00e1logo de cursos de formaci\u00f3n continua para docentes.<br \/>\nLos cursos de la l\u00ednea uno comprenden la formaci\u00f3n para el Proyecto de Ense\u00f1anza y Proyectos de Mejora Escolar como elementos fundamentales del Nuevo Modelo para la Evaluaci\u00f3n del Desempe\u00f1o, y como parte del programa de fortalecimiento y actualizaci\u00f3n de conocimientos pedag\u00f3gicos y disciplinarios o curriculares del personal en servicio.<br \/>\nLos cursos de la l\u00ednea tres son aplicados para el fortalecimiento y actualizaci\u00f3n sobre el nuevo modelo educativo 2016 y en temas de relevancia social; como la escuela al centro, el planteamiento curricular, la formaci\u00f3n y el desarrollo profesional docente, la inclusi\u00f3n y equidad, y la gobernanza del sistema educativo, a partir de los requerimientos educativos y de servicio detectados por las AEL en los CTE y en el SATE.<br \/>\nMorales dijo que todos los cursos est\u00e1n encaminados a fortalecer el desempe\u00f1o de los docentes y esto a la vez se ver\u00e1 reflejado en los aprovechamientos acad\u00e9micos de los alumnos de educaci\u00f3n b\u00e1sica que comprende los jardines de ni\u00f1os, escuelas primarias y secundarias.<br \/>\nEl evento de asesor\u00eda y capacitaci\u00f3n fue presidido por la Presidenta del Consejo del Centro de Desarrollo Educativo (CEDE), Profesora Esperanza Reyes Nieto, Supervisora de Educaci\u00f3n Primaria y el Coordinador del Centro de Maestros Profesor Benito Morales Pesina.<br \/>\nA los asistentes se les hizo entrega de carpetas con la propuesta de la Doctora Elda Ozuna Mart\u00ednez, \u00abla formaci\u00f3n continua como un proceso en construcci\u00f3n exige modelos de docencia en el aula centrados en la reflexi\u00f3n en, para y sobre la acci\u00f3n docente, repensar la pr\u00e1ctica pedag\u00f3gica, considerar que los aprendizajes son adquiridos en diferentes espacios pedag\u00f3gicos y por medio de la propia acci\u00f3n humana; ello nos lleva a realizar diferentes procesos de construcci\u00f3n de nuevos conocimientos que le permitan al personal educativo superar pr\u00e1cticas improvisadas\u00bb.<\/p>\n","protected":false},"excerpt":{"rendered":"<p>Capacitaci\u00f3n es impartida por representantes del Instituto de Profesionalizaci\u00f3n del Magisterio Potosino FRANCISCO V. DE LA CRUZ Al Centro de Desarrollo Educativo (CEDE) acudieron los asesores que tendr\u00e1n la responsabilidad&#8230;<\/p>\n","protected":false},"author":1,"featured_media":10262,"comment_status":"closed","ping_status":"open","sticky":false,"template":"","format":"standard","meta":{"footnotes":""},"categories":[3,486],"tags":[],"class_list":["post-10264","post","type-post","status-publish","format-standard","has-post-thumbnail","hentry","category-cerritos","category-educacion","entry","simple"],"_links":{"self":[{"href":"https:\/\/www.plurinominal.com.mx\/index.php?rest_route=\/wp\/v2\/posts\/10264","targetHints":{"allow":["GET"]}}],"collection":[{"href":"https:\/\/www.plurinominal.com.mx\/index.php?rest_route=\/wp\/v2\/posts"}],"about":[{"href":"https:\/\/www.plurinominal.com.mx\/index.php?rest_route=\/wp\/v2\/types\/post"}],"author":[{"embeddable":true,"href":"https:\/\/www.plurinominal.com.mx\/index.php?rest_route=\/wp\/v2\/users\/1"}],"replies":[{"embeddable":true,"href":"https:\/\/www.plurinominal.com.mx\/index.php?rest_route=%2Fwp%2Fv2%2Fcomments&post=10264"}],"version-history":[{"count":0,"href":"https:\/\/www.plurinominal.com.mx\/index.php?rest_route=\/wp\/v2\/posts\/10264\/revisions"}],"wp:featuredmedia":[{"embeddable":true,"href":"https:\/\/www.plurinominal.com.mx\/index.php?rest_route=\/wp\/v2\/media\/10262"}],"wp:attachment":[{"href":"https:\/\/www.plurinominal.com.mx\/index.php?rest_route=%2Fwp%2Fv2%2Fmedia&parent=10264"}],"wp:term":[{"taxonomy":"category","embeddable":true,"href":"https:\/\/www.plurinominal.com.mx\/index.php?rest_route=%2Fwp%2Fv2%2Fcategories&post=10264"},{"taxonomy":"post_tag","embeddable":true,"href":"https:\/\/www.plurinominal.com.mx\/index.php?rest_route=%2Fwp%2Fv2%2Ftags&post=10264"}],"curies":[{"name":"wp","href":"https:\/\/api.w.org\/{rel}","templated":true}]}}