{"id":10307,"date":"2017-06-25T12:13:53","date_gmt":"2017-06-25T17:13:53","guid":{"rendered":"http:\/\/www.plurinominal.com.mx\/?p=10307"},"modified":"2017-06-28T13:46:21","modified_gmt":"2017-06-28T18:46:21","slug":"cerritos-cuenta-con-microscopio-odontologico","status":"publish","type":"post","link":"https:\/\/www.plurinominal.com.mx\/?p=10307","title":{"rendered":"Cerritos cuenta con microscopio odontol\u00f3gico"},"content":{"rendered":"<ul>\n<li>El aparato fue adquirido en Miami Florida<\/li>\n<\/ul>\n<figure id=\"attachment_10311\" aria-describedby=\"caption-attachment-10311\" style=\"width: 150px\" class=\"wp-caption alignright\"><a href=\"https:\/\/www.plurinominal.com.mx\/?attachment_id=10311\" rel=\"attachment wp-att-10311\"><img loading=\"lazy\" decoding=\"async\" class=\"size-thumbnail wp-image-10311\" src=\"https:\/\/www.plurinominal.com.mx\/wp-content\/uploads\/microscopio-copia-150x150.jpg\" alt=\"\" width=\"150\" height=\"150\"><\/a><figcaption id=\"caption-attachment-10311\" class=\"wp-caption-text\">La empresa \u00abMeditech\u00bb realiz\u00f3 el financiamiento del aparato con la ayuda del Ing. Javier Kloser, mismo que fue adquirido en la ciudad de Miami Florida.<\/figcaption><\/figure>\n<p style=\"text-align: justify;\">SAGRARIO SERNA.- El s\u00e1bado 24 de junio de 2017 lleg\u00f3 a Cerritos el primer microscopio odontol\u00f3gico, de la marca ECLERIS.<br \/>\nLa empresa \u00abMeditech\u00bb realiz\u00f3 el financiamiento del aparato con la ayuda del Ing. Javier Kloser, mismo que fue adquirido en la ciudad de Miami Florida.<br \/>\nEste microscopio ayudar\u00e1 a obtener mayor precisi\u00f3n en menor tiempo a la hora de realizar una endodoncia.<br \/>\nTambi\u00e9n brinda la oportunidad de ver 32 veces a mayor escala el tama\u00f1o un diente, y contribuye a la detecci\u00f3n perfecta de fracturas e infecciones bucales que a simple vista no se aprecian.<br \/>\nEl m\u00e9dico estomat\u00f3logo Carlos \u00c1lvarez Derreza, en entrevista con Plurinominal dijo que el microscopio es de tecnolog\u00eda estadounidense y es el tercero en su tipo en el estado potosino, pues solo las ciudades de San Luis Potos\u00ed y Rioverde cuentan con un aparato similar.<br \/>\nEl profesionista explic\u00f3 que en San Luis Potos\u00ed capital no existen capacitadores que conozcan c\u00f3mo manejarlo, por ello \u00c1lvarez Derreza viaj\u00f3 hasta la ciudad de Puebla para instruirse sobre el funcionamiento.<br \/>\nEl cirujano Carlos \u00c1lvarez Derreza realiz\u00f3 estudios de especialidad en endodoncia en la Universidad de Morelia Michoac\u00e1n; fue ah\u00ed donde le surgi\u00f3 la idea de traer a Cerritos tecnolog\u00eda de punta que hoy es una realidad.<br \/>\nLa inversi\u00f3n de este microscopio odontol\u00f3gico es superior a los 400 mil pesos y fue gracias a la beca y el promedio que obtuvo durante su especialidad que le ofrecieron el financiamiento para el instrumento.<\/p>\n","protected":false},"excerpt":{"rendered":"<p>El aparato fue adquirido en Miami Florida SAGRARIO SERNA.- El s\u00e1bado 24 de junio de 2017 lleg\u00f3 a Cerritos el primer microscopio odontol\u00f3gico, de la marca ECLERIS. La empresa \u00abMeditech\u00bb&#8230;<\/p>\n","protected":false},"author":1,"featured_media":0,"comment_status":"closed","ping_status":"open","sticky":false,"template":"","format":"standard","meta":{"footnotes":""},"categories":[3,483,486,485],"tags":[],"class_list":["post-10307","post","type-post","status-publish","format-standard","hentry","category-cerritos","category-cultura","category-educacion","category-sociales","entry","simple"],"_links":{"self":[{"href":"https:\/\/www.plurinominal.com.mx\/index.php?rest_route=\/wp\/v2\/posts\/10307","targetHints":{"allow":["GET"]}}],"collection":[{"href":"https:\/\/www.plurinominal.com.mx\/index.php?rest_route=\/wp\/v2\/posts"}],"about":[{"href":"https:\/\/www.plurinominal.com.mx\/index.php?rest_route=\/wp\/v2\/types\/post"}],"author":[{"embeddable":true,"href":"https:\/\/www.plurinominal.com.mx\/index.php?rest_route=\/wp\/v2\/users\/1"}],"replies":[{"embeddable":true,"href":"https:\/\/www.plurinominal.com.mx\/index.php?rest_route=%2Fwp%2Fv2%2Fcomments&post=10307"}],"version-history":[{"count":0,"href":"https:\/\/www.plurinominal.com.mx\/index.php?rest_route=\/wp\/v2\/posts\/10307\/revisions"}],"wp:attachment":[{"href":"https:\/\/www.plurinominal.com.mx\/index.php?rest_route=%2Fwp%2Fv2%2Fmedia&parent=10307"}],"wp:term":[{"taxonomy":"category","embeddable":true,"href":"https:\/\/www.plurinominal.com.mx\/index.php?rest_route=%2Fwp%2Fv2%2Fcategories&post=10307"},{"taxonomy":"post_tag","embeddable":true,"href":"https:\/\/www.plurinominal.com.mx\/index.php?rest_route=%2Fwp%2Fv2%2Ftags&post=10307"}],"curies":[{"name":"wp","href":"https:\/\/api.w.org\/{rel}","templated":true}]}}