{"id":1038,"date":"2011-12-25T18:54:05","date_gmt":"2011-12-26T00:54:05","guid":{"rendered":"http:\/\/www.plurinominal.com.mx\/?p=1038"},"modified":"2011-12-25T18:54:05","modified_gmt":"2011-12-26T00:54:05","slug":"murio-en-nochebuena-2","status":"publish","type":"post","link":"https:\/\/www.plurinominal.com.mx\/?p=1038","title":{"rendered":"Muri\u00f3 en \u201cNochebuena\u201d"},"content":{"rendered":"<p>El cuerpo qued\u00f3 tendido sobre el \u201cpasaje Matamoros\u201d<\/p>\n<p>Ma. del Carmen V. y equipo de redacci\u00f3n<br \/>\nEl cuerpo sin vida de un hombre qued\u00f3 tendido sobre el pasaje Matamoros la \u201cNochebuena\u201d del presente a\u00f1o.<br \/>\nDe entrada se supuso, que fue v\u00edctima de una congesti\u00f3n alcoh\u00f3lica, pero se investiga si muri\u00f3 por asfixia provocada por un alcoh\u00f3lico que estaba junto a \u00e9l.<\/p>\n","protected":false},"excerpt":{"rendered":"<p>El cuerpo qued\u00f3 tendido sobre el \u201cpasaje Matamoros\u201d Ma. del Carmen V. y equipo de redacci\u00f3n El cuerpo sin vida de un hombre qued\u00f3 tendido sobre el pasaje Matamoros la&#8230;<\/p>\n","protected":false},"author":1,"featured_media":1039,"comment_status":"closed","ping_status":"open","sticky":false,"template":"","format":"standard","meta":{"footnotes":""},"categories":[3],"tags":[],"class_list":["post-1038","post","type-post","status-publish","format-standard","has-post-thumbnail","hentry","category-cerritos","entry","simple"],"_links":{"self":[{"href":"https:\/\/www.plurinominal.com.mx\/index.php?rest_route=\/wp\/v2\/posts\/1038","targetHints":{"allow":["GET"]}}],"collection":[{"href":"https:\/\/www.plurinominal.com.mx\/index.php?rest_route=\/wp\/v2\/posts"}],"about":[{"href":"https:\/\/www.plurinominal.com.mx\/index.php?rest_route=\/wp\/v2\/types\/post"}],"author":[{"embeddable":true,"href":"https:\/\/www.plurinominal.com.mx\/index.php?rest_route=\/wp\/v2\/users\/1"}],"replies":[{"embeddable":true,"href":"https:\/\/www.plurinominal.com.mx\/index.php?rest_route=%2Fwp%2Fv2%2Fcomments&post=1038"}],"version-history":[{"count":0,"href":"https:\/\/www.plurinominal.com.mx\/index.php?rest_route=\/wp\/v2\/posts\/1038\/revisions"}],"wp:featuredmedia":[{"embeddable":true,"href":"https:\/\/www.plurinominal.com.mx\/index.php?rest_route=\/wp\/v2\/media\/1039"}],"wp:attachment":[{"href":"https:\/\/www.plurinominal.com.mx\/index.php?rest_route=%2Fwp%2Fv2%2Fmedia&parent=1038"}],"wp:term":[{"taxonomy":"category","embeddable":true,"href":"https:\/\/www.plurinominal.com.mx\/index.php?rest_route=%2Fwp%2Fv2%2Fcategories&post=1038"},{"taxonomy":"post_tag","embeddable":true,"href":"https:\/\/www.plurinominal.com.mx\/index.php?rest_route=%2Fwp%2Fv2%2Ftags&post=1038"}],"curies":[{"name":"wp","href":"https:\/\/api.w.org\/{rel}","templated":true}]}}