{"id":10578,"date":"2018-02-22T09:03:09","date_gmt":"2018-02-22T15:03:09","guid":{"rendered":"http:\/\/www.plurinominal.com.mx\/?p=10578"},"modified":"2019-05-19T18:11:57","modified_gmt":"2019-05-19T23:11:57","slug":"plurinominal-y-su-importancia-dentro-del-periodo-historico-de-nuestro-municipio","status":"publish","type":"post","link":"https:\/\/www.plurinominal.com.mx\/?p=10578","title":{"rendered":"Plurinominal y su importancia dentro del periodo hist\u00f3rico de nuestro municipio"},"content":{"rendered":"<blockquote>\n<p style=\"text-align: justify;\">\u00abAl paso del tiempo cada ejemplar toma un valor mayor, y alg\u00fan d\u00eda, en algunos 50 a\u00f1os, cuando tal vez muchos de nosotros ya no estemos, sin duda alguien llegar\u00e1 a la hemeroteca, tomar\u00e1 un ejemplar, lo abrir\u00e1 y tendr\u00e1 de referencia lo que aqu\u00ed aparece\u00bb.<\/p>\n<\/blockquote>\n<ul>\n<li style=\"text-align: justify;\">POR MARCO A. SERNA<br \/>\nPlurinominal es la primera publicaci\u00f3n peri\u00f3dica en forma realizada en la historia del municipio de Cerritos.<br \/>\nAunque existen otros medios que el siglo pasado salieron a la luz, ninguno contaba con un tama\u00f1o como el ejemplar que tiene en sus manos, sino que eran hojas tama\u00f1o carta, que pose\u00edan alg\u00fan contenido que no resultaba pol\u00e9mico, puesto que en ese tiempo la libertad de expresi\u00f3n era, en gran parte censurada por el gobierno e iglesia.<br \/>\nAdem\u00e1s la distribuci\u00f3n y tiraje de tales \u00abejemplares\u00bb no contaba con una periodicidad establecida, y solo algunos personajes con estatus ten\u00edan la fortuna de hacerse de tal contenido.<br \/>\nEn Cerritos tampoco existe en nuestra historia un medio impreso que haya alcanzado, como estamos por hacerlo, la edad de 12 a\u00f1os consecutivos.<br \/>\nContamos con el equipo para realizar ediciones en color, pero nos restar\u00eda tiempo y el costo de producci\u00f3n ser\u00eda mayor, sin embargo no es f\u00e1cil mantener una edici\u00f3n como la que tiene en sus manos. Aparte de la inversi\u00f3n se requieren ciertos conocimientos y experiencia sobre temas o materias; y cada ejemplar conlleva a enemistades por la difusi\u00f3n de una u otra cosa.<br \/>\nContar con un peri\u00f3dico es un gran logro para cualquier lugar. Se contribuye a la libertad de expresi\u00f3n y se logra, en conjunto llegar a la b\u00fasqueda de la verdad o resoluci\u00f3n de un tema. De modo u otro se genera un efecto en la sociedad. De ah\u00ed la gran responsabilidad.<br \/>\nSe quiera o no, Plurinominal contiene parte del contenido que nos caracteriza como cerritenses. Nuestra forma de pensar, nuestros intereses opuestos, nuestras decisiones, inconformidades, decesos, reclamos, logros individuales o sociales, as\u00ed como la descripci\u00f3n gr\u00e1fica de nuestras personas han estado aqu\u00ed. Indirectamente todos tenemos un familiar o amigo que ha sido parte de estas p\u00e1ginas, y estos hechos son sumamente valorados por historiadores.<br \/>\nEste medio se ha hecho de un estilo. Tambi\u00e9n se ha transformado el modo de difundir acontecimientos que en otras empresas, generar\u00edan un costo de efectivo demasiado alto, por lo que Plurinominal tambi\u00e9n viene a ser un alternativa para cuando se trate de conocer m\u00e1s a fondo un hecho que se dijo de un modo en otro lugar, pero que encontr\u00f3 otra versi\u00f3n en estas p\u00e1ginas. Con ambas narraciones se lograr\u00e1 una mejor ilustraci\u00f3n del acontecimiento.<br \/>\nPero m\u00e1s all\u00e1 del contenido que generalmente se ha basado en noticias, Usted sin darse cuenta est\u00e1 pasando a la historia como nosotros lo estamos proyectando.<br \/>\nPlurinominal cuenta con una hemeroteca, que d\u00eda con d\u00eda se convierte en patrimonio cultural no solo nuestro, sino del Estado de San Luis Potos\u00ed, por ello insistimos, no todos los municipios tienen la capacidad para sostener una publicaci\u00f3n impresa, que son las \u00fanicas validadas por instituciones oficiales encargadas de estudiar nuestra historia cuando se trata de investigaciones formales.<br \/>\nDe acuerdo a Wikipedia \u00abun peri\u00f3dico es un documento que presenta en orden cronol\u00f3gico o tem\u00e1tico un cierto n\u00famero de informaciones y comentarios sobre sucesos ocurridos o previsibles durante un per\u00edodo. Tambi\u00e9n designa una publicaci\u00f3n (impresa) que agrupa y presenta cierto n\u00famero de art\u00edculos sobre los sucesos y las actualidades\u00bb.\u200b<br \/>\nEl periodo que Plurinominal abarca data desde mayo del a\u00f1o 2006.<br \/>\nAl paso del tiempo cada ejemplar toma un valor mayor, y alg\u00fan d\u00eda, en algunos 50 a\u00f1os, cuando tal vez muchos de nosotros ya no estemos, sin duda alguien llegar\u00e1 a la hemeroteca, tomar\u00e1 un ejemplar, lo abrir\u00e1 y tendr\u00e1 de referencia lo que aqu\u00ed aparece.<br \/>\nEn su discurso, uno de los aspirantes a la Presidencia de la Rep\u00fablica se\u00f1al\u00f3 que no \u00abquer\u00eda pasar a la historia como un pol\u00edtico corrupto\u00bb.<br \/>\nClaro, Usted como ciudadano tampoco quiere ver manchada su reputaci\u00f3n por alg\u00fan hecho que se volvi\u00f3 noticioso, pero en el fondo, nosotros tampoco queremos contar con una imagen corporativa como la de otros medios, que rayan en el periodismo corrupto, servil, ni tampoco deseamos que nuestros reporteros sean tildados de extorsionadores.<br \/>\nCada vez nos encontramos cercanos a la comunidad art\u00edstica potosina, y ahora tenemos la oportunidad de difundir la cultura de nuestro estado, por ello nos declaramos m\u00e1s interesados en esta tarea que en las cuestiones pol\u00edticas o policiacas. Queremos seguir contribuyendo al cambio social, pero cada vez cultiv\u00e1ndonos para ir poniendo al frente la culturalidad.<br \/>\nPero retomando el tema, \u00bfC\u00f3mo quiere Usted que se le recuerde?<\/li>\n<\/ul>\n<p style=\"text-align: justify;\"><em>* Marco A. Serna es Director y fundador de Plurinominal. Abogado, con especialidad en Derecho Privado, actualmente est\u00e1 por concluir la carrera en Ciencias de la Comunicaci\u00f3n y presta servicios en el Centro de las Artes de San Luis Potos\u00ed Centenario, junto a responsables que tienen como tarea principal la difusi\u00f3n cultural. El tambi\u00e9n apasionado al Jazz y a la Literatura, ha optado por declararse \u00abperiodista independiente, apartidista\u00bb.<\/em>&nbsp;<em>En la actualidad escribe su primer libro de cuentos y relatos. Desde ni\u00f1o siempre so\u00f1\u00f3 con tener una gran biblioteca.<\/em><\/p>\n","protected":false},"excerpt":{"rendered":"<p>\u00abAl paso del tiempo cada ejemplar toma un valor mayor, y alg\u00fan d\u00eda, en algunos 50 a\u00f1os, cuando tal vez muchos de nosotros ya no estemos, sin duda alguien llegar\u00e1&#8230;<\/p>\n","protected":false},"author":1,"featured_media":0,"comment_status":"closed","ping_status":"open","sticky":false,"template":"","format":"standard","meta":{"footnotes":""},"categories":[483,486,5],"tags":[],"class_list":["post-10578","post","type-post","status-publish","format-standard","hentry","category-cultura","category-educacion","category-opinion","entry","simple"],"_links":{"self":[{"href":"https:\/\/www.plurinominal.com.mx\/index.php?rest_route=\/wp\/v2\/posts\/10578","targetHints":{"allow":["GET"]}}],"collection":[{"href":"https:\/\/www.plurinominal.com.mx\/index.php?rest_route=\/wp\/v2\/posts"}],"about":[{"href":"https:\/\/www.plurinominal.com.mx\/index.php?rest_route=\/wp\/v2\/types\/post"}],"author":[{"embeddable":true,"href":"https:\/\/www.plurinominal.com.mx\/index.php?rest_route=\/wp\/v2\/users\/1"}],"replies":[{"embeddable":true,"href":"https:\/\/www.plurinominal.com.mx\/index.php?rest_route=%2Fwp%2Fv2%2Fcomments&post=10578"}],"version-history":[{"count":0,"href":"https:\/\/www.plurinominal.com.mx\/index.php?rest_route=\/wp\/v2\/posts\/10578\/revisions"}],"wp:attachment":[{"href":"https:\/\/www.plurinominal.com.mx\/index.php?rest_route=%2Fwp%2Fv2%2Fmedia&parent=10578"}],"wp:term":[{"taxonomy":"category","embeddable":true,"href":"https:\/\/www.plurinominal.com.mx\/index.php?rest_route=%2Fwp%2Fv2%2Fcategories&post=10578"},{"taxonomy":"post_tag","embeddable":true,"href":"https:\/\/www.plurinominal.com.mx\/index.php?rest_route=%2Fwp%2Fv2%2Ftags&post=10578"}],"curies":[{"name":"wp","href":"https:\/\/api.w.org\/{rel}","templated":true}]}}