{"id":107,"date":"2011-10-16T01:24:29","date_gmt":"2011-10-16T01:24:29","guid":{"rendered":"http:\/\/www.plurinominal.com.mx\/?p=107"},"modified":"2011-11-05T01:25:06","modified_gmt":"2011-11-05T01:25:06","slug":"posponen-toma-de-posesion-de-nueva-directiva-del-pri","status":"publish","type":"post","link":"https:\/\/www.plurinominal.com.mx\/?p=107","title":{"rendered":"Posponen toma de posesi\u00f3n de nueva directiva del PRI"},"content":{"rendered":"<p>Esperan visita de \u201cEl Calolo\u201d <\/p>\n<p>Ma. del Carmen V.<br \/>\nMiembros PRI fueron convocados el pasado mi\u00e9rcoles por la tarde en las instalaciones de su partido a la entrega y toma de posesi\u00f3n de la nueva dirigencia, pero en el lugar se les inform\u00f3 sobre la suspensi\u00f3n del acto.<br \/>\nEl Presidente del partido, Rodolfo Gallegos dijo a los asistentes que la reuni\u00f3n se pospondr\u00eda para el \u201cmartes o mi\u00e9rcoles\u201d, ya que la secretaria de Fernando P\u00e9rez Espinoza, conocido en el \u00e1mbito pol\u00edtico como \u201cEl Calolo\u201d, inform\u00f3 que el Dirigente Estatal del PRI est\u00e1 acudiendo a todos los municipios a dar posesi\u00f3n a las \u201cnuevas dirigencias\u201d.<br \/>\nHasta el cierre de la presente nota todav\u00eda no estaba definida la fecha exacta, pero se continuaba mencionando que el martes o mi\u00e9rcoles se llevar\u00eda a cabo el acto.<br \/>\nPlurinominal pudo comprobar que existe di\u00e1logo entre todos los que fungieron como aspirantes en las pasadas elecciones.<br \/>\nAnte los miembros del PRI hasta ahora \u201cdan una imagen de unidad\u201d.<br \/>\nEstuvieron presentes la Profesora Francisca Alvarado Gonz\u00e1lez, la Licenciada Leticia V\u00e1zquez Hern\u00e1ndez, el transportista Antonio Castillo, el Licenciado Luis Federico Castillo Vera, el Profesor Jorge Quintero y los representantes de organizaciones como Movimiento Territorial, CTM, CNC, entre otras, as\u00ed como miembros de la Fundaci\u00f3n Colosio que es una organizaci\u00f3n adherente al PRI.<br \/>\nAcudieron habitantes de varias comunidades como de San Nicol\u00e1s del Bosque, Ojo de Agua, Mezquites, entre otras.<br \/>\nLa reuni\u00f3n fue convocada para la toma de posesi\u00f3n de Rodolfo Gallegos como Presidente y de Rosario Torres como Secretaria General del Comit\u00e9 Directivo Municipal.<br \/>\nA ambos se les tom\u00f3 la protesta como el pasado mi\u00e9rcoles 5 de octubre en la ciudad de San Luis Potos\u00ed por el Presidente Estatal del Partido Revolucionario, Licenciado Fernando P\u00e9rez Espinoza, quien tom\u00f3 la protesta a 55 de los 58 comit\u00e9s municipales.<br \/>\nTambi\u00e9n, se hab\u00eda dicho que a esos los actos vendr\u00eda el Presidente Nacional del PRI, \u2014Profesor Humberto Moreira\u2014, pero por causas de fuerza mayor se suspendi\u00f3 su visita.<br \/>\nPor su parte el Profesor Benito Morales Pesina dijo, que toda la documentaci\u00f3n para la entrega-recepci\u00f3n se encontraba lista y resalt\u00f3 la unidad que existe entre las organizaciones que pertenecen al partido. <\/p>\n","protected":false},"excerpt":{"rendered":"<p>Esperan visita de \u201cEl Calolo\u201d Ma. del Carmen V. Miembros PRI fueron convocados el pasado mi\u00e9rcoles por la tarde en las instalaciones de su partido a la entrega y toma&#8230;<\/p>\n","protected":false},"author":1,"featured_media":0,"comment_status":"closed","ping_status":"open","sticky":false,"template":"","format":"standard","meta":{"footnotes":""},"categories":[3],"tags":[53,8,52],"class_list":["post-107","post","type-post","status-publish","format-standard","hentry","category-cerritos","tag-calolo","tag-cerritos-2","tag-pri","entry","simple"],"_links":{"self":[{"href":"https:\/\/www.plurinominal.com.mx\/index.php?rest_route=\/wp\/v2\/posts\/107","targetHints":{"allow":["GET"]}}],"collection":[{"href":"https:\/\/www.plurinominal.com.mx\/index.php?rest_route=\/wp\/v2\/posts"}],"about":[{"href":"https:\/\/www.plurinominal.com.mx\/index.php?rest_route=\/wp\/v2\/types\/post"}],"author":[{"embeddable":true,"href":"https:\/\/www.plurinominal.com.mx\/index.php?rest_route=\/wp\/v2\/users\/1"}],"replies":[{"embeddable":true,"href":"https:\/\/www.plurinominal.com.mx\/index.php?rest_route=%2Fwp%2Fv2%2Fcomments&post=107"}],"version-history":[{"count":0,"href":"https:\/\/www.plurinominal.com.mx\/index.php?rest_route=\/wp\/v2\/posts\/107\/revisions"}],"wp:attachment":[{"href":"https:\/\/www.plurinominal.com.mx\/index.php?rest_route=%2Fwp%2Fv2%2Fmedia&parent=107"}],"wp:term":[{"taxonomy":"category","embeddable":true,"href":"https:\/\/www.plurinominal.com.mx\/index.php?rest_route=%2Fwp%2Fv2%2Fcategories&post=107"},{"taxonomy":"post_tag","embeddable":true,"href":"https:\/\/www.plurinominal.com.mx\/index.php?rest_route=%2Fwp%2Fv2%2Ftags&post=107"}],"curies":[{"name":"wp","href":"https:\/\/api.w.org\/{rel}","templated":true}]}}