{"id":1079,"date":"2011-12-20T20:07:37","date_gmt":"2011-12-21T02:07:37","guid":{"rendered":"http:\/\/www.plurinominal.com.mx\/?p=1079"},"modified":"2011-12-27T20:07:59","modified_gmt":"2011-12-28T02:07:59","slug":"encuesta-para-definir-candidato-panista-solo-fue-una-propuesta-explican","status":"publish","type":"post","link":"https:\/\/www.plurinominal.com.mx\/?p=1079","title":{"rendered":"Encuesta para definir candidato panista, s\u00f3lo fue una propuesta, explican"},"content":{"rendered":"<p>Marco Serna<\/p>\n<p>S\u00f3lo se propuso que a trav\u00e9s de una encuesta se decidiera la elecci\u00f3n del candidato panista, pero Gregorio Carbajal no se comprometi\u00f3 a aceptar la mec\u00e1nica, explica uno de sus seguidores.<\/p>\n<p>Gener\u00f3 confusi\u00f3n la nota aparecida en un diario de circulaci\u00f3n regional de fecha 15 de diciembre, al asegurar que los dos pre candidatos aceptaron una encuesta para despu\u00e9s de conocer los resultados, unificarse con el ganador.<\/p>\n<p>Gente cercana a Goyo Carbajal, expuso que en efecto, a ambos contendientes por la candidatura, se les invit\u00f3 a un di\u00e1logo con representantes del Comit\u00e9 Directivo Municipal, para dejar a un lado los ataques y concentrarse en la elecci\u00f3n interna.<\/p>\n<p>En la reuni\u00f3n sostenida, se analiz\u00f3 la posibilidad de celebrar contrato con compa\u00f1\u00eda encuestadora, para conocer las preferencias del p\u00fablico, siendo el m\u00e1s popular el que encabezar\u00eda el movimiento local panista rumbo al 2012 \u201ca fin de garantizar el triunfo\u201d. As\u00ed se menciona en la informaci\u00f3n.<\/p>\n<p>Luego de saber de la publicaci\u00f3n, Gregorio Carbajal enfatiz\u00f3 que \u00fanicamente se trat\u00f3 de una propuesta, pero aclar\u00f3 que no se comprometi\u00f3 a llevar a cabo de esta manera el proceso y seguir\u00e1 de acuerdo a los propios lineamientos que ordena el partido.<\/p>\n","protected":false},"excerpt":{"rendered":"<p>Marco Serna S\u00f3lo se propuso que a trav\u00e9s de una encuesta se decidiera la elecci\u00f3n del candidato panista, pero Gregorio Carbajal no se comprometi\u00f3 a aceptar la mec\u00e1nica, explica uno&#8230;<\/p>\n","protected":false},"author":1,"featured_media":0,"comment_status":"closed","ping_status":"open","sticky":false,"template":"","format":"standard","meta":{"footnotes":""},"categories":[3],"tags":[],"class_list":["post-1079","post","type-post","status-publish","format-standard","hentry","category-cerritos","entry","simple"],"_links":{"self":[{"href":"https:\/\/www.plurinominal.com.mx\/index.php?rest_route=\/wp\/v2\/posts\/1079","targetHints":{"allow":["GET"]}}],"collection":[{"href":"https:\/\/www.plurinominal.com.mx\/index.php?rest_route=\/wp\/v2\/posts"}],"about":[{"href":"https:\/\/www.plurinominal.com.mx\/index.php?rest_route=\/wp\/v2\/types\/post"}],"author":[{"embeddable":true,"href":"https:\/\/www.plurinominal.com.mx\/index.php?rest_route=\/wp\/v2\/users\/1"}],"replies":[{"embeddable":true,"href":"https:\/\/www.plurinominal.com.mx\/index.php?rest_route=%2Fwp%2Fv2%2Fcomments&post=1079"}],"version-history":[{"count":0,"href":"https:\/\/www.plurinominal.com.mx\/index.php?rest_route=\/wp\/v2\/posts\/1079\/revisions"}],"wp:attachment":[{"href":"https:\/\/www.plurinominal.com.mx\/index.php?rest_route=%2Fwp%2Fv2%2Fmedia&parent=1079"}],"wp:term":[{"taxonomy":"category","embeddable":true,"href":"https:\/\/www.plurinominal.com.mx\/index.php?rest_route=%2Fwp%2Fv2%2Fcategories&post=1079"},{"taxonomy":"post_tag","embeddable":true,"href":"https:\/\/www.plurinominal.com.mx\/index.php?rest_route=%2Fwp%2Fv2%2Ftags&post=1079"}],"curies":[{"name":"wp","href":"https:\/\/api.w.org\/{rel}","templated":true}]}}