{"id":10875,"date":"2018-04-04T20:26:59","date_gmt":"2018-04-05T01:26:59","guid":{"rendered":"http:\/\/www.plurinominal.com.mx\/?p=10875"},"modified":"2018-04-05T20:28:48","modified_gmt":"2018-04-06T01:28:48","slug":"ordenan-que-taqueros-regresan-a-sus-lugares","status":"publish","type":"post","link":"https:\/\/www.plurinominal.com.mx\/?p=10875","title":{"rendered":"Ordenan que taqueros regresen a sus lugares"},"content":{"rendered":"<ul>\n<li>Se hab\u00edan colocado sobre pasillos de la plaza principal<\/li>\n<\/ul>\n<p style=\"text-align: justify;\">FRANCISCO VALERO<br \/>\nAyuntamiento gir\u00f3 indicaciones a los \u00abtaqueros\u00bb para que abandonaran los andadores del jard\u00edn principal.<br \/>\nEl municipio toler\u00f3 que se establecieran del lado sur de la plaza, y tomaran por un tiempo un lugar debido a las obras de pavimentaci\u00f3n que se ejecutaron en las vialidades.<br \/>\nDesde el mes de octubre estuvieron ofreciendo su mercanc\u00eda sobre los andadores.<br \/>\nA casi cinco meses, ahora son exhortados para que dejen ese lugar y se ubiquen donde lo ven\u00edan haciendo antes de la remodelaci\u00f3n de las vialidades.<br \/>\nCiudadanos ven\u00edan criticando la estad\u00eda de los comerciantes. Aseguraban que no era el lugar adecuado para que se efectuara la vendimia, ya que despu\u00e9s otros comerciantes querr\u00edan ocupar un lugar.<br \/>\nDesde el viernes 23 de marzo el ayuntamiento exhort\u00f3 a los comerciantes para que abandonaran los andadores.<br \/>\nNo se hab\u00edan movido debido a que el domingo 25 de marzo se llevar\u00eda a cabo el mini telet\u00f3n organizado por la escuela Gabriela Brimmer y el espacio habr\u00eda de ser ocupado por el escenario para los grupos. Entonces los comerciantes fueron respetuosos del evento que se realizar\u00eda.<br \/>\nDespu\u00e9s vendr\u00edan las festividades de Semana Santa, entre estos el viacrucis viviente que tambi\u00e9n para su recorrido necesita que las vialidades est\u00e9n libres.<br \/>\nPor ello los comerciantes no se movieron inmediatamente a los lugares que ocupaban.<br \/>\n\u201cLalo Tacos\u201d, establecido en un espacio desde el a\u00f1o 1983 regres\u00f3 el viernes 30 de marzo a su lugar, despu\u00e9s del paso de la peregrinaci\u00f3n.<br \/>\nPor otro lado, \u201cMando Tacos\u201d tambi\u00e9n hab\u00eda recibido la notificaci\u00f3n.<br \/>\nAlgunos comerciantes mostraron oposici\u00f3n hacia los taqueros. Esperaban que la v\u00eda estuviera completamente libre.<br \/>\nSeg\u00fan dijeron, las estructuras les impiden acciones de carga y descarga.<br \/>\nA las autoridades municipales les corresponde regular el uso de banquetas y vialidades.<\/p>\n","protected":false},"excerpt":{"rendered":"<p>Se hab\u00edan colocado sobre pasillos de la plaza principal FRANCISCO VALERO Ayuntamiento gir\u00f3 indicaciones a los \u00abtaqueros\u00bb para que abandonaran los andadores del jard\u00edn principal. El municipio toler\u00f3 que se&#8230;<\/p>\n","protected":false},"author":1,"featured_media":10856,"comment_status":"closed","ping_status":"open","sticky":false,"template":"","format":"standard","meta":{"footnotes":""},"categories":[3,486,485],"tags":[],"class_list":["post-10875","post","type-post","status-publish","format-standard","has-post-thumbnail","hentry","category-cerritos","category-educacion","category-sociales","entry","simple"],"_links":{"self":[{"href":"https:\/\/www.plurinominal.com.mx\/index.php?rest_route=\/wp\/v2\/posts\/10875","targetHints":{"allow":["GET"]}}],"collection":[{"href":"https:\/\/www.plurinominal.com.mx\/index.php?rest_route=\/wp\/v2\/posts"}],"about":[{"href":"https:\/\/www.plurinominal.com.mx\/index.php?rest_route=\/wp\/v2\/types\/post"}],"author":[{"embeddable":true,"href":"https:\/\/www.plurinominal.com.mx\/index.php?rest_route=\/wp\/v2\/users\/1"}],"replies":[{"embeddable":true,"href":"https:\/\/www.plurinominal.com.mx\/index.php?rest_route=%2Fwp%2Fv2%2Fcomments&post=10875"}],"version-history":[{"count":0,"href":"https:\/\/www.plurinominal.com.mx\/index.php?rest_route=\/wp\/v2\/posts\/10875\/revisions"}],"wp:featuredmedia":[{"embeddable":true,"href":"https:\/\/www.plurinominal.com.mx\/index.php?rest_route=\/wp\/v2\/media\/10856"}],"wp:attachment":[{"href":"https:\/\/www.plurinominal.com.mx\/index.php?rest_route=%2Fwp%2Fv2%2Fmedia&parent=10875"}],"wp:term":[{"taxonomy":"category","embeddable":true,"href":"https:\/\/www.plurinominal.com.mx\/index.php?rest_route=%2Fwp%2Fv2%2Fcategories&post=10875"},{"taxonomy":"post_tag","embeddable":true,"href":"https:\/\/www.plurinominal.com.mx\/index.php?rest_route=%2Fwp%2Fv2%2Ftags&post=10875"}],"curies":[{"name":"wp","href":"https:\/\/api.w.org\/{rel}","templated":true}]}}