{"id":1089,"date":"2011-12-28T19:47:11","date_gmt":"2011-12-29T01:47:11","guid":{"rendered":"http:\/\/www.plurinominal.com.mx\/?p=1089"},"modified":"2011-12-28T19:47:11","modified_gmt":"2011-12-29T01:47:11","slug":"lo-golpeo-porque-se-estaciono-frente-a-su-negocio","status":"publish","type":"post","link":"https:\/\/www.plurinominal.com.mx\/?p=1089","title":{"rendered":"Lo golpe\u00f3 porque se estacion\u00f3 frente a su negocio"},"content":{"rendered":"<p>El equipo de redacci\u00f3n<br \/>\nPorque un comerciante se estacion\u00f3 frente a su negocio de lentes (\u00d3ptica Alemana), enfurecido sujeto le propin\u00f3 una golpiza.<br \/>\nFue astuto, porque al mediod\u00eda de este mi\u00e9rcoles la calle Hidalgo registr\u00f3 demasiado movimiento, por eso lo jalone\u00f3 hacia dentro del local y all\u00ed aprovech\u00f3 para desquitarse a golpes.<br \/>\nLa polic\u00eda logr\u00f3 asegurar al agresor de To\u00f1o Nava Guerrero.Francisco Javier Santana L\u00f3pez, de 31 a\u00f1os  dijo vivir en Independencia 50 de esta localidad, pero se supo que tiene su domicilio en Andador Franklin 105 B de la Unidad Habitacional Nuevo Progreso en San Luis Potos\u00ed.<\/p>\n","protected":false},"excerpt":{"rendered":"<p>El equipo de redacci\u00f3n Porque un comerciante se estacion\u00f3 frente a su negocio de lentes (\u00d3ptica Alemana), enfurecido sujeto le propin\u00f3 una golpiza. Fue astuto, porque al mediod\u00eda de este&#8230;<\/p>\n","protected":false},"author":1,"featured_media":1090,"comment_status":"closed","ping_status":"open","sticky":false,"template":"","format":"standard","meta":{"footnotes":""},"categories":[3],"tags":[],"class_list":["post-1089","post","type-post","status-publish","format-standard","has-post-thumbnail","hentry","category-cerritos","entry","simple"],"_links":{"self":[{"href":"https:\/\/www.plurinominal.com.mx\/index.php?rest_route=\/wp\/v2\/posts\/1089","targetHints":{"allow":["GET"]}}],"collection":[{"href":"https:\/\/www.plurinominal.com.mx\/index.php?rest_route=\/wp\/v2\/posts"}],"about":[{"href":"https:\/\/www.plurinominal.com.mx\/index.php?rest_route=\/wp\/v2\/types\/post"}],"author":[{"embeddable":true,"href":"https:\/\/www.plurinominal.com.mx\/index.php?rest_route=\/wp\/v2\/users\/1"}],"replies":[{"embeddable":true,"href":"https:\/\/www.plurinominal.com.mx\/index.php?rest_route=%2Fwp%2Fv2%2Fcomments&post=1089"}],"version-history":[{"count":0,"href":"https:\/\/www.plurinominal.com.mx\/index.php?rest_route=\/wp\/v2\/posts\/1089\/revisions"}],"wp:featuredmedia":[{"embeddable":true,"href":"https:\/\/www.plurinominal.com.mx\/index.php?rest_route=\/wp\/v2\/media\/1090"}],"wp:attachment":[{"href":"https:\/\/www.plurinominal.com.mx\/index.php?rest_route=%2Fwp%2Fv2%2Fmedia&parent=1089"}],"wp:term":[{"taxonomy":"category","embeddable":true,"href":"https:\/\/www.plurinominal.com.mx\/index.php?rest_route=%2Fwp%2Fv2%2Fcategories&post=1089"},{"taxonomy":"post_tag","embeddable":true,"href":"https:\/\/www.plurinominal.com.mx\/index.php?rest_route=%2Fwp%2Fv2%2Ftags&post=1089"}],"curies":[{"name":"wp","href":"https:\/\/api.w.org\/{rel}","templated":true}]}}