{"id":1092,"date":"2011-12-28T19:48:42","date_gmt":"2011-12-29T01:48:42","guid":{"rendered":"http:\/\/www.plurinominal.com.mx\/?p=1092"},"modified":"2011-12-28T19:48:42","modified_gmt":"2011-12-29T01:48:42","slug":"lo-agarraron-a-golpes-y-tubazos-en-la-cabeza","status":"publish","type":"post","link":"https:\/\/www.plurinominal.com.mx\/?p=1092","title":{"rendered":"Lo agarraron a golpes y tubazos en la cabeza"},"content":{"rendered":"<p>Del equipo de redacci\u00f3n<br \/>\nUn muchacho golpe\u00f3 a otro. Pens\u00f3 que hab\u00eda ganado la batalla pero luego su rival regres\u00f3 con un tubo y por la espalda le acomod\u00f3 un golpe en la nuca caus\u00e1ndole abundante sangrado.<br \/>\nPersonas de todas las edades miraron atemorizadas la sa\u00f1a con que fue golpeado Juan Ram\u00f3n Zapata P\u00e9rez, de 22 a\u00f1os apodado \u201cEl Colorete\u201d, porque los hechos sucedieron en la plaza de Cerritos la noche del lunes 26 de diciembre a las 19:38 horas en el lugar que se muestra en la fotograf\u00eda.<\/p>\n","protected":false},"excerpt":{"rendered":"<p>Del equipo de redacci\u00f3n Un muchacho golpe\u00f3 a otro. Pens\u00f3 que hab\u00eda ganado la batalla pero luego su rival regres\u00f3 con un tubo y por la espalda le acomod\u00f3 un&#8230;<\/p>\n","protected":false},"author":1,"featured_media":1093,"comment_status":"closed","ping_status":"open","sticky":false,"template":"","format":"standard","meta":{"footnotes":""},"categories":[3],"tags":[],"class_list":["post-1092","post","type-post","status-publish","format-standard","has-post-thumbnail","hentry","category-cerritos","entry","simple"],"_links":{"self":[{"href":"https:\/\/www.plurinominal.com.mx\/index.php?rest_route=\/wp\/v2\/posts\/1092","targetHints":{"allow":["GET"]}}],"collection":[{"href":"https:\/\/www.plurinominal.com.mx\/index.php?rest_route=\/wp\/v2\/posts"}],"about":[{"href":"https:\/\/www.plurinominal.com.mx\/index.php?rest_route=\/wp\/v2\/types\/post"}],"author":[{"embeddable":true,"href":"https:\/\/www.plurinominal.com.mx\/index.php?rest_route=\/wp\/v2\/users\/1"}],"replies":[{"embeddable":true,"href":"https:\/\/www.plurinominal.com.mx\/index.php?rest_route=%2Fwp%2Fv2%2Fcomments&post=1092"}],"version-history":[{"count":0,"href":"https:\/\/www.plurinominal.com.mx\/index.php?rest_route=\/wp\/v2\/posts\/1092\/revisions"}],"wp:featuredmedia":[{"embeddable":true,"href":"https:\/\/www.plurinominal.com.mx\/index.php?rest_route=\/wp\/v2\/media\/1093"}],"wp:attachment":[{"href":"https:\/\/www.plurinominal.com.mx\/index.php?rest_route=%2Fwp%2Fv2%2Fmedia&parent=1092"}],"wp:term":[{"taxonomy":"category","embeddable":true,"href":"https:\/\/www.plurinominal.com.mx\/index.php?rest_route=%2Fwp%2Fv2%2Fcategories&post=1092"},{"taxonomy":"post_tag","embeddable":true,"href":"https:\/\/www.plurinominal.com.mx\/index.php?rest_route=%2Fwp%2Fv2%2Ftags&post=1092"}],"curies":[{"name":"wp","href":"https:\/\/api.w.org\/{rel}","templated":true}]}}