{"id":1100,"date":"2011-12-31T20:23:45","date_gmt":"2012-01-01T02:23:45","guid":{"rendered":"http:\/\/www.plurinominal.com.mx\/?p=1100"},"modified":"2011-12-31T20:23:45","modified_gmt":"2012-01-01T02:23:45","slug":"lo-golpeo-porque-se-estaciono-frente-a-su-negocio-2","status":"publish","type":"post","link":"https:\/\/www.plurinominal.com.mx\/?p=1100","title":{"rendered":"Lo golpe\u00f3 porque se estacion\u00f3 frente a su negocio"},"content":{"rendered":"<p>El equipo de redacci\u00f3n<br \/>\nPorque un comerciante se estacion\u00f3 frente a su negocio de lentes, enfurecido sujeto le propin\u00f3 una golpiza.<br \/>\nFue astuto, porque al mediod\u00eda de este mi\u00e9rcoles la calle Hidalgo registr\u00f3 demasiado movimiento, por eso lo jalone\u00f3 hacia dentro del local y all\u00ed aprovech\u00f3 para desquitarse a golpes.<br \/>\nCon la nariz inflamada y abundante sangrado termin\u00f3 To\u00f1o Nava Guerrero, de 58 a\u00f1os de edad la ma\u00f1ana del 28 de diciembre.<br \/>\nAntes de las 11:00 AM, el vecino de la calle Morelos n\u00famero 7, quiso estacionar una camioneta frente al lugar conocido como \u201c\u00d3ptica Alemana\u201d.<br \/>\nEn eso lleg\u00f3 un carro platina color gris, en el que iba Francisco Javier Santana L\u00f3pez, de 31 a\u00f1os que intent\u00f3 ganar el lugar.<br \/>\nLuego ambos empezaron a discutir, y To\u00f1o Nava \u2014reconoce\u2014 que luego de haber sido agredido verbalmente mir\u00f3 alterado a su adversario, por eso le dio un ligero empuj\u00f3n para irse a sus labores, pero su acci\u00f3n enfureci\u00f3 a Francisco Javier, quien jal\u00f3 al carnicero hacia adentro de la \u00f3ptica donde llen\u00f3 de golpearlo.<br \/>\nTo\u00f1o Nava fue llevado a recibir atenci\u00f3n m\u00e9dica por sus familiares en un consultorio cercano. Presentaba hinchaz\u00f3n en la nariz.<br \/>\nSus ropas, cara y manos se ve\u00edan sangradas.<br \/>\nMientras tanto la polic\u00eda logr\u00f3 asegurar al rival quien dijo vivir en Independencia 50 de esta localidad, pero se supo que tiene su domicilio en Andador Franklin 105 B de la Unidad Habitacional Nuevo Progreso en San Luis Potos\u00ed.<br \/>\nNava es una persona respetable, y pariente de una familia numerosa que pudieron linchar al agresor que afortunadamente fue puesto tras las rejas.<br \/>\nSe inform\u00f3 a Plurinominal que todo se tramita por la v\u00eda legal.<br \/>\nEl certificado m\u00e9dico del detenido, indica tambi\u00e9n lesiones, aunque menos severas que se cree, se las hizo el se\u00f1or Nava al querer defenderse de la lluvia de golpes. Es lo que cree la polic\u00eda.<br \/>\nTrascendi\u00f3 que el representante de la \u00f3ptica no paga derechos para presumir como exclusivo dicho lugar y tambi\u00e9n se mostr\u00f3 grosero con los oficiales.<\/p>\n","protected":false},"excerpt":{"rendered":"<p>El equipo de redacci\u00f3n Porque un comerciante se estacion\u00f3 frente a su negocio de lentes, enfurecido sujeto le propin\u00f3 una golpiza. Fue astuto, porque al mediod\u00eda de este mi\u00e9rcoles la&#8230;<\/p>\n","protected":false},"author":1,"featured_media":0,"comment_status":"closed","ping_status":"open","sticky":false,"template":"","format":"standard","meta":{"footnotes":""},"categories":[3],"tags":[],"class_list":["post-1100","post","type-post","status-publish","format-standard","hentry","category-cerritos","entry","simple"],"_links":{"self":[{"href":"https:\/\/www.plurinominal.com.mx\/index.php?rest_route=\/wp\/v2\/posts\/1100","targetHints":{"allow":["GET"]}}],"collection":[{"href":"https:\/\/www.plurinominal.com.mx\/index.php?rest_route=\/wp\/v2\/posts"}],"about":[{"href":"https:\/\/www.plurinominal.com.mx\/index.php?rest_route=\/wp\/v2\/types\/post"}],"author":[{"embeddable":true,"href":"https:\/\/www.plurinominal.com.mx\/index.php?rest_route=\/wp\/v2\/users\/1"}],"replies":[{"embeddable":true,"href":"https:\/\/www.plurinominal.com.mx\/index.php?rest_route=%2Fwp%2Fv2%2Fcomments&post=1100"}],"version-history":[{"count":0,"href":"https:\/\/www.plurinominal.com.mx\/index.php?rest_route=\/wp\/v2\/posts\/1100\/revisions"}],"wp:attachment":[{"href":"https:\/\/www.plurinominal.com.mx\/index.php?rest_route=%2Fwp%2Fv2%2Fmedia&parent=1100"}],"wp:term":[{"taxonomy":"category","embeddable":true,"href":"https:\/\/www.plurinominal.com.mx\/index.php?rest_route=%2Fwp%2Fv2%2Fcategories&post=1100"},{"taxonomy":"post_tag","embeddable":true,"href":"https:\/\/www.plurinominal.com.mx\/index.php?rest_route=%2Fwp%2Fv2%2Ftags&post=1100"}],"curies":[{"name":"wp","href":"https:\/\/api.w.org\/{rel}","templated":true}]}}