{"id":11017,"date":"2018-04-08T03:55:34","date_gmt":"2018-04-08T08:55:34","guid":{"rendered":"http:\/\/www.plurinominal.com.mx\/?p=11017"},"modified":"2018-04-12T03:56:59","modified_gmt":"2018-04-12T08:56:59","slug":"programa-dialogos-cumplira-9-anos-de-transmision","status":"publish","type":"post","link":"https:\/\/www.plurinominal.com.mx\/?p=11017","title":{"rendered":"Programa Di\u00e1logos cumplir\u00e1 9 a\u00f1os de transmisi\u00f3n"},"content":{"rendered":"<ul>\n<li class=\"western\" lang=\"es-ES\">La iniciativa surgi\u00f3 del Profesor Jos\u00e9 Luis Galv\u00e1n<\/li>\n<\/ul>\n<p class=\"western\" lang=\"es-ES\" style=\"text-align: justify;\"><strong><span style=\"font-family: 'trebuchet ms', geneva, sans-serif; font-size: 10pt;\">Por MARCO SERNA.- <\/span><\/strong>\u00abDi\u00e1logo\u00bb, seg\u00fan el diccionario de la Real Academia Espa\u00f1ola \u00abes una conversaci\u00f3n entre dos o m\u00e1s personas que exponen sus ideas y comentarios de forma alternativa\u00bb.<\/p>\n<p class=\"western\" lang=\"es-ES\" style=\"text-align: justify;\">Es decir, se trata de un encuentro donde \u00ablos participantes no siguen una l\u00f3gica con respecto a los temas y argumentos de los que se habla\u00bb, pero se mantienen discutiendo los asuntos con el fin de encontrar acuerdos o soluciones.<\/p>\n<p class=\"western\" lang=\"es-ES\" style=\"text-align: justify;\">En el mes de septiembre el Programa Di\u00e1logos que se transmite a trav\u00e9s del sistema de televisi\u00f3n por cable cumplir\u00e1 9 a\u00f1os.<\/p>\n<p class=\"western\" lang=\"es-ES\" style=\"text-align: justify;\">Esta iniciativa a nombre del Profesor Jos\u00e9 Luis Galv\u00e1n no habr\u00eda podido mantenerse sino con el apoyo de la empresa televisiva, quien proporciona equipo y espacio para la transmisi\u00f3n.<\/p>\n<p class=\"western\" lang=\"es-ES\" style=\"text-align: justify;\">Plurinominal reconoce la importancia del programa Di\u00e1logos.<\/p>\n<p class=\"western\" lang=\"es-ES\" style=\"text-align: justify;\">Nos consta que los inicios y el mantenimiento de este sitio de opini\u00f3n han sido dif\u00edciles y que se invita a todo aqu\u00e9l que desee participar, aunque pocos se atreven.<\/p>\n<p class=\"western\" lang=\"es-ES\" style=\"text-align: justify;\">Y es que los panelistas conocen la responsabilidad de estar detr\u00e1s de las c\u00e1maras, donde todo comentario requiere de argumentaci\u00f3n, conocimiento y juicio, entonces ah\u00ed muchos no pudieran estar de acuerdo, pero el objetivo se cumple, en este caso \u00abdialogar\u00bb sobre temas relevantes.<\/p>\n<p class=\"western\" lang=\"es-ES\" style=\"text-align: justify;\">En la actualidad son constantes las participaciones de Jos\u00e9 Luis Galv\u00e1n, Rodolfo Ruiz y de Eduardo Gloria, respetables ciudadanos que siempre est\u00e1n al tanto de temas de actualidad.<\/p>\n<p class=\"western\" lang=\"es-ES\" style=\"text-align: justify;\">Di\u00e1logos es una opci\u00f3n m\u00e1s para contar con un municipio que ha de estar siempre m\u00e1s informado.<\/p>\n<p class=\"western\" lang=\"es-ES\" style=\"text-align: justify;\">Para conocer sobre el presente Cerritos cuenta con un noticiero televisivo. Est\u00e1 este medio llamado Plurinominal as\u00ed como Di\u00e1logos, lo que viene a ampliar el panorama para aquellos ciudadanos que intentan estar al d\u00eda en cuanto al desempe\u00f1o administrativo.<\/p>\n<p class=\"western\" lang=\"es-ES\" style=\"text-align: justify;\">Esperamos que Cerritos tome en cuenta la importancia de tener programaciones como \u00e9stas, lo que debe de hacernos sentir orgullosos y comenzar con la participaci\u00f3n que como ciudadanos nos corresponde para a trav\u00e9s del di\u00e1logo encontrar las mejores soluciones.<\/p>\n<p class=\"western\" lang=\"es-ES\" style=\"text-align: justify;\">Un saludo a quienes hacen posible la transmisi\u00f3n de Di\u00e1logos, ya sea frente a las c\u00e1maras o detr\u00e1s de \u00e9stas.<\/p>\n","protected":false},"excerpt":{"rendered":"<p>La iniciativa surgi\u00f3 del Profesor Jos\u00e9 Luis Galv\u00e1n Por MARCO SERNA.- \u00abDi\u00e1logo\u00bb, seg\u00fan el diccionario de la Real Academia Espa\u00f1ola \u00abes una conversaci\u00f3n entre dos o m\u00e1s personas que exponen&#8230;<\/p>\n","protected":false},"author":1,"featured_media":11012,"comment_status":"closed","ping_status":"open","sticky":false,"template":"","format":"standard","meta":{"footnotes":""},"categories":[3,483,486],"tags":[],"class_list":["post-11017","post","type-post","status-publish","format-standard","has-post-thumbnail","hentry","category-cerritos","category-cultura","category-educacion","entry","simple"],"_links":{"self":[{"href":"https:\/\/www.plurinominal.com.mx\/index.php?rest_route=\/wp\/v2\/posts\/11017","targetHints":{"allow":["GET"]}}],"collection":[{"href":"https:\/\/www.plurinominal.com.mx\/index.php?rest_route=\/wp\/v2\/posts"}],"about":[{"href":"https:\/\/www.plurinominal.com.mx\/index.php?rest_route=\/wp\/v2\/types\/post"}],"author":[{"embeddable":true,"href":"https:\/\/www.plurinominal.com.mx\/index.php?rest_route=\/wp\/v2\/users\/1"}],"replies":[{"embeddable":true,"href":"https:\/\/www.plurinominal.com.mx\/index.php?rest_route=%2Fwp%2Fv2%2Fcomments&post=11017"}],"version-history":[{"count":0,"href":"https:\/\/www.plurinominal.com.mx\/index.php?rest_route=\/wp\/v2\/posts\/11017\/revisions"}],"wp:featuredmedia":[{"embeddable":true,"href":"https:\/\/www.plurinominal.com.mx\/index.php?rest_route=\/wp\/v2\/media\/11012"}],"wp:attachment":[{"href":"https:\/\/www.plurinominal.com.mx\/index.php?rest_route=%2Fwp%2Fv2%2Fmedia&parent=11017"}],"wp:term":[{"taxonomy":"category","embeddable":true,"href":"https:\/\/www.plurinominal.com.mx\/index.php?rest_route=%2Fwp%2Fv2%2Fcategories&post=11017"},{"taxonomy":"post_tag","embeddable":true,"href":"https:\/\/www.plurinominal.com.mx\/index.php?rest_route=%2Fwp%2Fv2%2Ftags&post=11017"}],"curies":[{"name":"wp","href":"https:\/\/api.w.org\/{rel}","templated":true}]}}