{"id":1102,"date":"2011-12-31T20:27:44","date_gmt":"2012-01-01T02:27:44","guid":{"rendered":"http:\/\/www.plurinominal.com.mx\/?p=1102"},"modified":"2011-12-31T20:27:44","modified_gmt":"2012-01-01T02:27:44","slug":"el-viejo-y-la-montana","status":"publish","type":"post","link":"https:\/\/www.plurinominal.com.mx\/?p=1102","title":{"rendered":"El viejo y la monta\u00f1a"},"content":{"rendered":"<p>El viejo y la monta\u00f1a<br \/>\n(A mis amigos en Chicago)<\/p>\n<p>Bajo un jir\u00f3n de niebla desde el puente,<br \/>\nla sierra del tabl\u00f3n de azul se viste;<br \/>\nde su velo blanco se despoja lentamente,<br \/>\n\u00a1Como una mujer bonita que se desviste!<\/p>\n<p>Oteando el horizonte diviso en lontananza,<br \/>\nmi patria chica donde fui feliz de ni\u00f1o;<br \/>\nM\u00e1gica tierra, con perfume de a\u00f1oranza,<br \/>\nque Allende El Bravo se recuerda con cari\u00f1o.<\/p>\n<p>En la inmensa soledad del bosque umbr\u00edo,<br \/>\nme asalta el recuerdo de un ayer distante;<br \/>\nsublime evocaci\u00f3n, que guarda el pecho m\u00edo,<br \/>\nde cuando fui un paisano trashumante.<\/p>\n<p>Amo los bosques, monta\u00f1as y colinas;<br \/>\nsin ser sibarita, vivo feliz, vivo contento,<br \/>\nsolo me seduce el vaiv\u00e9n de las encinas<br \/>\nen voluptuosa danza con el viento.<\/p>\n<p>Con el embrujo del paisaje potosino,<br \/>\nquiero morir de cara al sol, en mi caba\u00f1a.<br \/>\nDecirle adi\u00f3s a Cerritos, al final de mi camino,<br \/>\ndesde donde las nubes besan la monta\u00f1a.<\/p>\n<p>Alfredo Sauceda Loredo,<br \/>\nBrownsville, Texas. Diciembre 2011.<\/p>\n","protected":false},"excerpt":{"rendered":"<p>El viejo y la monta\u00f1a (A mis amigos en Chicago) Bajo un jir\u00f3n de niebla desde el puente, la sierra del tabl\u00f3n de azul se viste; de su velo blanco&#8230;<\/p>\n","protected":false},"author":1,"featured_media":0,"comment_status":"closed","ping_status":"open","sticky":false,"template":"","format":"standard","meta":{"footnotes":""},"categories":[3],"tags":[],"class_list":["post-1102","post","type-post","status-publish","format-standard","hentry","category-cerritos","entry","simple"],"_links":{"self":[{"href":"https:\/\/www.plurinominal.com.mx\/index.php?rest_route=\/wp\/v2\/posts\/1102","targetHints":{"allow":["GET"]}}],"collection":[{"href":"https:\/\/www.plurinominal.com.mx\/index.php?rest_route=\/wp\/v2\/posts"}],"about":[{"href":"https:\/\/www.plurinominal.com.mx\/index.php?rest_route=\/wp\/v2\/types\/post"}],"author":[{"embeddable":true,"href":"https:\/\/www.plurinominal.com.mx\/index.php?rest_route=\/wp\/v2\/users\/1"}],"replies":[{"embeddable":true,"href":"https:\/\/www.plurinominal.com.mx\/index.php?rest_route=%2Fwp%2Fv2%2Fcomments&post=1102"}],"version-history":[{"count":0,"href":"https:\/\/www.plurinominal.com.mx\/index.php?rest_route=\/wp\/v2\/posts\/1102\/revisions"}],"wp:attachment":[{"href":"https:\/\/www.plurinominal.com.mx\/index.php?rest_route=%2Fwp%2Fv2%2Fmedia&parent=1102"}],"wp:term":[{"taxonomy":"category","embeddable":true,"href":"https:\/\/www.plurinominal.com.mx\/index.php?rest_route=%2Fwp%2Fv2%2Fcategories&post=1102"},{"taxonomy":"post_tag","embeddable":true,"href":"https:\/\/www.plurinominal.com.mx\/index.php?rest_route=%2Fwp%2Fv2%2Ftags&post=1102"}],"curies":[{"name":"wp","href":"https:\/\/api.w.org\/{rel}","templated":true}]}}