{"id":1108,"date":"2011-12-07T15:44:41","date_gmt":"2011-12-07T21:44:41","guid":{"rendered":"http:\/\/www.plurinominal.com.mx\/?p=1108"},"modified":"2012-01-02T15:49:00","modified_gmt":"2012-01-02T21:49:00","slug":"reclamo-en-tienda-la-venta-de-productos-caducos","status":"publish","type":"post","link":"https:\/\/www.plurinominal.com.mx\/?p=1108","title":{"rendered":"Reclam\u00f3 en tienda la venta de productos caducos"},"content":{"rendered":"<p>Del equipo de redacci\u00f3n<br \/>\nEnojado sujeto reclam\u00f3 en la tienda S\u00faper Precio la venta de productos caducos.<br \/>\nTestigos del bochornoso incidente, explicaron a Plurinominal sobre la persona que acudi\u00f3 al negocio ubicado sobre la calle Ju\u00e1rez a requerir la devoluci\u00f3n del efectivo o la reposici\u00f3n de los art\u00edculos, porque los primeros ya estaban echados a perder.<br \/>\nFueron salchichas y jam\u00f3n \u201cFUD\u201d, \u2014entre otras\u2014 algunas de las cosas que compr\u00f3 el individuo en esa tienda \u201cecon\u00f3mica y de prestigio\u201d el pasado s\u00e1bado 3 de diciembre.<br \/>\nCegado por el coraje, al afectado no le import\u00f3 manifestar su enojo frente a los clientes que en ese momento all\u00ed se encontraban.<br \/>\nUna persona que estaba en el lugar de los hechos, explic\u00f3 que compr\u00f3 comida de la misma marca, \u201cpero supo feo\u201d.<br \/>\n\u201cA m\u00ed se me hace que no es original\u201d. Manifest\u00f3 a trav\u00e9s de la red social.<br \/>\nComprar el alimento fresco o reci\u00e9n elaborado es una de las caracter\u00edsticas m\u00e1s valoradas por el consumidor.<br \/>\nAs\u00ed lo ha reconocido en innumerables ocasiones la Profeco.<br \/>\nAunque han sido muchos los casos ocurridos en este negocio por los mismos motivos, no se han tomado cartas en el asunto por las autoridades correspondientes.<\/p>\n","protected":false},"excerpt":{"rendered":"<p>Del equipo de redacci\u00f3n Enojado sujeto reclam\u00f3 en la tienda S\u00faper Precio la venta de productos caducos. Testigos del bochornoso incidente, explicaron a Plurinominal sobre la persona que acudi\u00f3 al&#8230;<\/p>\n","protected":false},"author":1,"featured_media":0,"comment_status":"closed","ping_status":"open","sticky":false,"template":"","format":"standard","meta":{"footnotes":""},"categories":[3],"tags":[],"class_list":["post-1108","post","type-post","status-publish","format-standard","hentry","category-cerritos","entry","simple"],"_links":{"self":[{"href":"https:\/\/www.plurinominal.com.mx\/index.php?rest_route=\/wp\/v2\/posts\/1108","targetHints":{"allow":["GET"]}}],"collection":[{"href":"https:\/\/www.plurinominal.com.mx\/index.php?rest_route=\/wp\/v2\/posts"}],"about":[{"href":"https:\/\/www.plurinominal.com.mx\/index.php?rest_route=\/wp\/v2\/types\/post"}],"author":[{"embeddable":true,"href":"https:\/\/www.plurinominal.com.mx\/index.php?rest_route=\/wp\/v2\/users\/1"}],"replies":[{"embeddable":true,"href":"https:\/\/www.plurinominal.com.mx\/index.php?rest_route=%2Fwp%2Fv2%2Fcomments&post=1108"}],"version-history":[{"count":0,"href":"https:\/\/www.plurinominal.com.mx\/index.php?rest_route=\/wp\/v2\/posts\/1108\/revisions"}],"wp:attachment":[{"href":"https:\/\/www.plurinominal.com.mx\/index.php?rest_route=%2Fwp%2Fv2%2Fmedia&parent=1108"}],"wp:term":[{"taxonomy":"category","embeddable":true,"href":"https:\/\/www.plurinominal.com.mx\/index.php?rest_route=%2Fwp%2Fv2%2Fcategories&post=1108"},{"taxonomy":"post_tag","embeddable":true,"href":"https:\/\/www.plurinominal.com.mx\/index.php?rest_route=%2Fwp%2Fv2%2Ftags&post=1108"}],"curies":[{"name":"wp","href":"https:\/\/api.w.org\/{rel}","templated":true}]}}