{"id":11088,"date":"2018-04-19T14:21:20","date_gmt":"2018-04-19T19:21:20","guid":{"rendered":"http:\/\/www.plurinominal.com.mx\/?p=11088"},"modified":"2018-04-19T14:21:20","modified_gmt":"2018-04-19T19:21:20","slug":"debe-restringirse-uso-de-celulares-a-maestros","status":"publish","type":"post","link":"https:\/\/www.plurinominal.com.mx\/?p=11088","title":{"rendered":"Debe restringirse uso de celulares a maestros"},"content":{"rendered":"<ul>\n<li class=\"western\" lang=\"es-ES\">Acto de interacci\u00f3n entre alumnado y maestros no se cumple<\/li>\n<\/ul>\n<p class=\"western\" lang=\"es-ES\" style=\"text-align: justify;\"><strong><span style=\"font-size: 10pt; font-family: 'trebuchet ms', geneva, sans-serif;\">Por MARCO SERNA.-<\/span><\/strong> En escuelas de Cerritos y Villa Ju\u00e1rez se ha restringido el uso de tel\u00e9fonos celulares, tanto en instituciones p\u00fablicas como privadas.<\/p>\n<p class=\"western\" lang=\"es-ES\" style=\"text-align: justify;\">Seg\u00fan padres de familia que contactaron con Plurinominal v\u00eda electr\u00f3nica, el argumento es que el uso de m\u00f3viles en los planteles constituye una barrera para la ense\u00f1anza, pues incrementa la falta de atenci\u00f3n de los ni\u00f1os en el proceso de aprendizaje.<\/p>\n<p class=\"western\" lang=\"es-ES\" style=\"text-align: justify;\">Entonces se determin\u00f3 prohibir el uso de los tel\u00e9fonos m\u00f3viles en horario de clase, queriendo generar conciencia tanto en los docentes como en los estudiantes, pero solo a los \u00faltimos se les retir\u00f3 el aparato.<\/p>\n<p class=\"western\" lang=\"es-ES\" style=\"text-align: justify;\">Una madre de familia dijo que los maestros han ca\u00eddo en esta \u00abadicci\u00f3n\u00bb de estar pendientes del tel\u00e9fono a toda hora, descuidando su principal tarea, entonces la intenci\u00f3n de conseguir el correcto acto de interacci\u00f3n entre alumnado y maestros no se cumple.<\/p>\n<p class=\"western\" lang=\"es-ES\" style=\"text-align: justify;\">Por otro lado surgi\u00f3 el comentario de una se\u00f1ora que indic\u00f3, \u00abmire, yo soy madre de familia, todos los d\u00edas llevo a mis hijos a la escuela, y antes les revisaban el pelo, el uniforme, las mochilas, y ahora lo que les revisan es el celular, y eso pasa en todas las escuelas, hasta en las de La Villa\u00bb.<\/p>\n","protected":false},"excerpt":{"rendered":"<p>Acto de interacci\u00f3n entre alumnado y maestros no se cumple Por MARCO SERNA.- En escuelas de Cerritos y Villa Ju\u00e1rez se ha restringido el uso de tel\u00e9fonos celulares, tanto en&#8230;<\/p>\n","protected":false},"author":1,"featured_media":11089,"comment_status":"closed","ping_status":"open","sticky":false,"template":"","format":"standard","meta":{"footnotes":""},"categories":[3,486,4],"tags":[],"class_list":["post-11088","post","type-post","status-publish","format-standard","has-post-thumbnail","hentry","category-cerritos","category-educacion","category-villa-juarez","entry","simple"],"_links":{"self":[{"href":"https:\/\/www.plurinominal.com.mx\/index.php?rest_route=\/wp\/v2\/posts\/11088","targetHints":{"allow":["GET"]}}],"collection":[{"href":"https:\/\/www.plurinominal.com.mx\/index.php?rest_route=\/wp\/v2\/posts"}],"about":[{"href":"https:\/\/www.plurinominal.com.mx\/index.php?rest_route=\/wp\/v2\/types\/post"}],"author":[{"embeddable":true,"href":"https:\/\/www.plurinominal.com.mx\/index.php?rest_route=\/wp\/v2\/users\/1"}],"replies":[{"embeddable":true,"href":"https:\/\/www.plurinominal.com.mx\/index.php?rest_route=%2Fwp%2Fv2%2Fcomments&post=11088"}],"version-history":[{"count":0,"href":"https:\/\/www.plurinominal.com.mx\/index.php?rest_route=\/wp\/v2\/posts\/11088\/revisions"}],"wp:featuredmedia":[{"embeddable":true,"href":"https:\/\/www.plurinominal.com.mx\/index.php?rest_route=\/wp\/v2\/media\/11089"}],"wp:attachment":[{"href":"https:\/\/www.plurinominal.com.mx\/index.php?rest_route=%2Fwp%2Fv2%2Fmedia&parent=11088"}],"wp:term":[{"taxonomy":"category","embeddable":true,"href":"https:\/\/www.plurinominal.com.mx\/index.php?rest_route=%2Fwp%2Fv2%2Fcategories&post=11088"},{"taxonomy":"post_tag","embeddable":true,"href":"https:\/\/www.plurinominal.com.mx\/index.php?rest_route=%2Fwp%2Fv2%2Ftags&post=11088"}],"curies":[{"name":"wp","href":"https:\/\/api.w.org\/{rel}","templated":true}]}}