{"id":111,"date":"2011-10-18T01:26:15","date_gmt":"2011-10-18T01:26:15","guid":{"rendered":"http:\/\/www.plurinominal.com.mx\/?p=111"},"modified":"2011-11-05T01:26:46","modified_gmt":"2011-11-05T01:26:46","slug":"inician-preparativos-para-el-evento-deportivo-%e2%80%9cdesterrados-de-corazon-2011%e2%80%9d","status":"publish","type":"post","link":"https:\/\/www.plurinominal.com.mx\/?p=111","title":{"rendered":"Inician preparativos para el evento deportivo \u201cDesterrados de Coraz\u00f3n 2011\u201d"},"content":{"rendered":"<p>Se contemplan emocionantes encuentros y entregas de reconocimientos para distinguidas personalidades<\/p>\n<p>Marco Serna<br \/>\n\u201cDesterrados de Coraz\u00f3n\u201d es el nombre del tradicional encuentro programado para este pr\u00f3ximo 28 de Diciembre de 2011, al cual se convoca a los paisanos radicados fuera de nuestro Cerritos.<br \/>\nConstantino Arg\u00fceyo, \u201calias Costur\u00edn\u201d indic\u00f3 que para este a\u00f1o, se cuenta con una programaci\u00f3n de lujo ya que por primera ocasi\u00f3n participar\u00e1n grandes equipos como \u201cReal Monta\u00f1a\u201d que se enfrentar\u00e1 a los \u201cHalcones de San Luis\u201d, \u201cSan Antonio\u201d VS \u201cVilla Ju\u00e1rez\u201d, Deportivo Carta Blanca\u201d VS \u201cDesterrados de Coraz\u00f3n\u201d y \u201cT\u00e9cnicos del Ranchito\u201d VS \u201cAstros de la Gallera\u201d.<br \/>\nEn el campo deportivo Manuel Galv\u00e1n se contar\u00e1 adem\u00e1s con la presencia de autoridades municipales, entre ellas el ciudadano Erasmo Galv\u00e1n Nieto y \u201cMercy Primera\u201d quien ser\u00e1 coronada como la reina de Desterrados en su presente edici\u00f3n. La guapa mujer har\u00e1 un viaje desde San Fernando California con motivo del evento.<br \/>\nAparte del \u201cramillete de bellas edecanes\u201d, los aficionados podr\u00e1n presenciar un merecido homenaje en honor a grandes personalidades como Marcelino Perales, Mauro Posadas Gallardo, Abel S\u00e1nchez L\u00f3pez, Filiberto Guerrero Gonz\u00e1lez, Jos\u00e9 L\u00f3pez V\u00e1zquez, Gerardo Lim\u00f3n Montelongo y Mois\u00e9s Mart\u00ednez.<\/p>\n","protected":false},"excerpt":{"rendered":"<p>Se contemplan emocionantes encuentros y entregas de reconocimientos para distinguidas personalidades Marco Serna \u201cDesterrados de Coraz\u00f3n\u201d es el nombre del tradicional encuentro programado para este pr\u00f3ximo 28 de Diciembre de&#8230;<\/p>\n","protected":false},"author":1,"featured_media":0,"comment_status":"closed","ping_status":"open","sticky":false,"template":"","format":"standard","meta":{"footnotes":""},"categories":[3,4],"tags":[56,55,57],"class_list":["post-111","post","type-post","status-publish","format-standard","hentry","category-cerritos","category-villa-juarez","tag-costurin","tag-desterrados","tag-futbol","entry","simple"],"_links":{"self":[{"href":"https:\/\/www.plurinominal.com.mx\/index.php?rest_route=\/wp\/v2\/posts\/111","targetHints":{"allow":["GET"]}}],"collection":[{"href":"https:\/\/www.plurinominal.com.mx\/index.php?rest_route=\/wp\/v2\/posts"}],"about":[{"href":"https:\/\/www.plurinominal.com.mx\/index.php?rest_route=\/wp\/v2\/types\/post"}],"author":[{"embeddable":true,"href":"https:\/\/www.plurinominal.com.mx\/index.php?rest_route=\/wp\/v2\/users\/1"}],"replies":[{"embeddable":true,"href":"https:\/\/www.plurinominal.com.mx\/index.php?rest_route=%2Fwp%2Fv2%2Fcomments&post=111"}],"version-history":[{"count":0,"href":"https:\/\/www.plurinominal.com.mx\/index.php?rest_route=\/wp\/v2\/posts\/111\/revisions"}],"wp:attachment":[{"href":"https:\/\/www.plurinominal.com.mx\/index.php?rest_route=%2Fwp%2Fv2%2Fmedia&parent=111"}],"wp:term":[{"taxonomy":"category","embeddable":true,"href":"https:\/\/www.plurinominal.com.mx\/index.php?rest_route=%2Fwp%2Fv2%2Fcategories&post=111"},{"taxonomy":"post_tag","embeddable":true,"href":"https:\/\/www.plurinominal.com.mx\/index.php?rest_route=%2Fwp%2Fv2%2Ftags&post=111"}],"curies":[{"name":"wp","href":"https:\/\/api.w.org\/{rel}","templated":true}]}}