{"id":11104,"date":"2018-04-17T12:36:38","date_gmt":"2018-04-17T17:36:38","guid":{"rendered":"http:\/\/www.plurinominal.com.mx\/?p=11104"},"modified":"2018-04-23T12:40:24","modified_gmt":"2018-04-23T17:40:24","slug":"boleta-de-infraccion-ilegal-e-invalida","status":"publish","type":"post","link":"https:\/\/www.plurinominal.com.mx\/?p=11104","title":{"rendered":"Boleta de infracci\u00f3n, \u00abilegal e inv\u00e1lida\u00bb"},"content":{"rendered":"<ul>\n<li class=\"western\" lang=\"es-ES\">Tr\u00e1nsito lo multa, profesor impugna el acto ante Tribunal Estatal de Justicia Administrativa y se resuelve a favor<\/li>\n<\/ul>\n<p style=\"text-align: justify;\"><strong><span style=\"font-family: 'trebuchet ms', geneva, sans-serif; font-size: 10pt;\">Por MARCO SERNA.-<\/span><\/strong> Profesor no estuvo de acuerdo en que el departamento de Tr\u00e1nsito Municipal de Cerritos le levantara una boleta de infracci\u00f3n, y gracias a un tribunal administrativo logr\u00f3 que el acto quedara invalidado.<\/p>\n<p class=\"western\" lang=\"es-ES\" style=\"text-align: justify;\">La Sala Unitaria del Tribunal de Estatal de Justicia Administrativa, document\u00f3 el contenido del expediente 1590\/2017\/1, para resolver en definitiva sobre el asunto promovido por Ponciano Carre\u00f3n Paz, quien demand\u00f3 a la polic\u00eda Vial del Municipio de Cerritos.<\/p>\n<p class=\"western\" lang=\"es-ES\" style=\"text-align: justify;\">La Magistrada Ma. Eugenia Reyna Mascorro, as\u00ed como el Secretario de Estudio y Cuenta confirmaron que en efecto, el acto no tuvo raz\u00f3n de ser, por lo que dej\u00f3 sin efecto la boleta de infracci\u00f3n con folio 6868.<\/p>\n<p class=\"western\" lang=\"es-ES\" style=\"text-align: justify;\">Los hechos por los que se acudi\u00f3 en queja ocurrieron el 12 de agosto del 2017.<\/p>\n<blockquote>\n<p lang=\"es-ES\"><strong><em>La Sala Unitaria del Tribunal de Estatal de Justicia Administrativa, document\u00f3 el contenido del expediente 1590\/2017\/1, para resolver en definitiva sobre el asunto promovido por Ponciano Carre\u00f3n Paz, quien demand\u00f3 a la polic\u00eda Vial del Municipio de Cerritos.<\/em><\/strong><\/p>\n<\/blockquote>\n<p class=\"western\" lang=\"es-ES\" style=\"text-align: justify;\">En lugar de pagar la multa, el Profesor prefiri\u00f3 acudir al tribunal, quien apenas resolvi\u00f3 este a\u00f1o, libr\u00e1ndolo de la sanci\u00f3n de $604.00 pesos.<\/p>\n<p class=\"western\" lang=\"es-ES\" style=\"text-align: justify;\">La parte actora atendi\u00f3 el procedimiento desahogando pruebas a favor. Se lleg\u00f3 el periodo de alegatos, para luego declararse de ilegal e inv\u00e1lido el acto impugnado.<\/p>\n<p class=\"western\" lang=\"es-ES\" style=\"text-align: justify;\">En Cerritos son comunes las quejas que la ciudadan\u00eda tiene contra el departamento.<\/p>\n<p class=\"western\" lang=\"es-ES\" style=\"text-align: justify;\">La ciudadan\u00eda sospecha que las numerosas sanciones solo son un plan ama\u00f1ado para acarrear recursos al municipio, dinero que se aplica en los altos sueldos de funcionarios, pues no se aprecia mejoramiento en calles, parque vehicular ni se invierte en seguridad.<\/p>\n<p class=\"western\" lang=\"es-ES\" style=\"text-align: justify;\">La resoluci\u00f3n podr\u00eda desencadenar una espiral de personas afectadas que pudieran acudir ante el tribunal, reclamando la ilegalidad de actos posteriores.<\/p>\n","protected":false},"excerpt":{"rendered":"<p>Tr\u00e1nsito lo multa, profesor impugna el acto ante Tribunal Estatal de Justicia Administrativa y se resuelve a favor Por MARCO SERNA.- Profesor no estuvo de acuerdo en que el departamento&#8230;<\/p>\n","protected":false},"author":1,"featured_media":11105,"comment_status":"closed","ping_status":"open","sticky":false,"template":"","format":"standard","meta":{"footnotes":""},"categories":[3,483,486,465],"tags":[],"class_list":["post-11104","post","type-post","status-publish","format-standard","has-post-thumbnail","hentry","category-cerritos","category-cultura","category-educacion","category-policia-2","entry","simple"],"_links":{"self":[{"href":"https:\/\/www.plurinominal.com.mx\/index.php?rest_route=\/wp\/v2\/posts\/11104","targetHints":{"allow":["GET"]}}],"collection":[{"href":"https:\/\/www.plurinominal.com.mx\/index.php?rest_route=\/wp\/v2\/posts"}],"about":[{"href":"https:\/\/www.plurinominal.com.mx\/index.php?rest_route=\/wp\/v2\/types\/post"}],"author":[{"embeddable":true,"href":"https:\/\/www.plurinominal.com.mx\/index.php?rest_route=\/wp\/v2\/users\/1"}],"replies":[{"embeddable":true,"href":"https:\/\/www.plurinominal.com.mx\/index.php?rest_route=%2Fwp%2Fv2%2Fcomments&post=11104"}],"version-history":[{"count":0,"href":"https:\/\/www.plurinominal.com.mx\/index.php?rest_route=\/wp\/v2\/posts\/11104\/revisions"}],"wp:featuredmedia":[{"embeddable":true,"href":"https:\/\/www.plurinominal.com.mx\/index.php?rest_route=\/wp\/v2\/media\/11105"}],"wp:attachment":[{"href":"https:\/\/www.plurinominal.com.mx\/index.php?rest_route=%2Fwp%2Fv2%2Fmedia&parent=11104"}],"wp:term":[{"taxonomy":"category","embeddable":true,"href":"https:\/\/www.plurinominal.com.mx\/index.php?rest_route=%2Fwp%2Fv2%2Fcategories&post=11104"},{"taxonomy":"post_tag","embeddable":true,"href":"https:\/\/www.plurinominal.com.mx\/index.php?rest_route=%2Fwp%2Fv2%2Ftags&post=11104"}],"curies":[{"name":"wp","href":"https:\/\/api.w.org\/{rel}","templated":true}]}}