{"id":11114,"date":"2018-04-23T13:10:49","date_gmt":"2018-04-23T18:10:49","guid":{"rendered":"http:\/\/www.plurinominal.com.mx\/?p=11114"},"modified":"2018-04-23T13:10:49","modified_gmt":"2018-04-23T18:10:49","slug":"secundaria-manuel-jose-othon-cumple-60-anos","status":"publish","type":"post","link":"https:\/\/www.plurinominal.com.mx\/?p=11114","title":{"rendered":"Secundaria Manuel Jos\u00e9 Oth\u00f3n cumple 60 a\u00f1os"},"content":{"rendered":"<ul>\n<li class=\"western\" lang=\"es-ES\">Alumnos participan en actividades culturales y deportivas<\/li>\n<\/ul>\n<p class=\"western\" lang=\"es-ES\" style=\"text-align: justify;\"><strong><span style=\"font-size: 10pt; font-family: 'trebuchet ms', geneva, sans-serif;\">Por BETO GUERRERO.- <\/span><\/strong>La Escuela Secundaria General Manuel Jos\u00e9 Oth\u00f3n n\u00famero 10 inici\u00f3 la conmemoraci\u00f3n de su 60 aniversario.<\/p>\n<p class=\"western\" lang=\"es-ES\" style=\"text-align: justify;\">Las actividades abarcan del 23 al 25 de abril.<\/p>\n<p class=\"western\" lang=\"es-ES\" style=\"text-align: justify;\">La escuela inici\u00f3 su ciclo educativo desde el a\u00f1o de 1958.<\/p>\n<p class=\"western\" lang=\"es-ES\" style=\"text-align: justify;\">Explicaron organizadores que este aniversario podr\u00eda ser de los eventos m\u00e1s sobresalientes a nivel municipal. Las actividades incluyen canto, pintura, oratoria, poes\u00eda y encuentros deportivos.<\/p>\n<p class=\"western\" lang=\"es-ES\" style=\"text-align: justify;\">Con anticipaci\u00f3n se promocion\u00f3 el D\u00eda de la Familia y la presentaci\u00f3n de las candidatas a reina al mismo tiempo, actividades registradas durante el mes de marzo.<\/p>\n<p class=\"western\" lang=\"es-ES\" style=\"text-align: justify;\">El lunes 23 de abril a las 9:00 de la ma\u00f1ana comenz\u00f3 el evento de inauguraci\u00f3n, pero antes, el viernes 20 de abril se llev\u00f3 a cabo la coronaci\u00f3n de la reina en el sal\u00f3n concordia.<\/p>\n","protected":false},"excerpt":{"rendered":"<p>Alumnos participan en actividades culturales y deportivas Por BETO GUERRERO.- La Escuela Secundaria General Manuel Jos\u00e9 Oth\u00f3n n\u00famero 10 inici\u00f3 la conmemoraci\u00f3n de su 60 aniversario. Las actividades abarcan del&#8230;<\/p>\n","protected":false},"author":1,"featured_media":11115,"comment_status":"closed","ping_status":"open","sticky":false,"template":"","format":"standard","meta":{"footnotes":""},"categories":[3,483,462,486,484,485],"tags":[],"class_list":["post-11114","post","type-post","status-publish","format-standard","has-post-thumbnail","hentry","category-cerritos","category-cultura","category-deportes","category-educacion","category-espectaculos","category-sociales","entry","simple"],"_links":{"self":[{"href":"https:\/\/www.plurinominal.com.mx\/index.php?rest_route=\/wp\/v2\/posts\/11114","targetHints":{"allow":["GET"]}}],"collection":[{"href":"https:\/\/www.plurinominal.com.mx\/index.php?rest_route=\/wp\/v2\/posts"}],"about":[{"href":"https:\/\/www.plurinominal.com.mx\/index.php?rest_route=\/wp\/v2\/types\/post"}],"author":[{"embeddable":true,"href":"https:\/\/www.plurinominal.com.mx\/index.php?rest_route=\/wp\/v2\/users\/1"}],"replies":[{"embeddable":true,"href":"https:\/\/www.plurinominal.com.mx\/index.php?rest_route=%2Fwp%2Fv2%2Fcomments&post=11114"}],"version-history":[{"count":0,"href":"https:\/\/www.plurinominal.com.mx\/index.php?rest_route=\/wp\/v2\/posts\/11114\/revisions"}],"wp:featuredmedia":[{"embeddable":true,"href":"https:\/\/www.plurinominal.com.mx\/index.php?rest_route=\/wp\/v2\/media\/11115"}],"wp:attachment":[{"href":"https:\/\/www.plurinominal.com.mx\/index.php?rest_route=%2Fwp%2Fv2%2Fmedia&parent=11114"}],"wp:term":[{"taxonomy":"category","embeddable":true,"href":"https:\/\/www.plurinominal.com.mx\/index.php?rest_route=%2Fwp%2Fv2%2Fcategories&post=11114"},{"taxonomy":"post_tag","embeddable":true,"href":"https:\/\/www.plurinominal.com.mx\/index.php?rest_route=%2Fwp%2Fv2%2Ftags&post=11114"}],"curies":[{"name":"wp","href":"https:\/\/api.w.org\/{rel}","templated":true}]}}