{"id":1120,"date":"2011-12-08T15:59:57","date_gmt":"2011-12-08T21:59:57","guid":{"rendered":"http:\/\/www.plurinominal.com.mx\/?p=1120"},"modified":"2012-01-02T16:00:24","modified_gmt":"2012-01-02T22:00:24","slug":"asegura-guzman-carbajal-que-existieron-violaciones-al-procedimiento","status":"publish","type":"post","link":"https:\/\/www.plurinominal.com.mx\/?p=1120","title":{"rendered":"Asegura Guzm\u00e1n Carbajal que existieron \u201cviolaciones al procedimiento\u201d"},"content":{"rendered":"<p>Marco Serna<br \/>\nGuadalc\u00e1zar, S.L.P.- Luego de haberse cumplimentado dos \u00f3rdenes de aprehensi\u00f3n en su contra en menos de 5 d\u00edas, el ex presidente de Cerritos Salvador Guzm\u00e1n Carbajal denunci\u00f3 supuestas violaciones en los procedimientos.<br \/>\nEn entrevista exclusiva para Plurinominal, durante su traslado al juzgado mixto de primera instancia del Municipio de Guadalc\u00e1zar,\u2014d\u00f3nde rendir\u00eda su segunda declaraci\u00f3n preparatoria por haberse librado la otra orden de aprehensi\u00f3n\u2014, Guzm\u00e1n Carbajal declar\u00f3 que esperaba el auto de libertad dentro del t\u00e9rmino legal en relaci\u00f3n al primer asunto, e indic\u00f3 que lo mismo ocurrir\u00eda en el segundo.<br \/>\nQuien nuevamente contendi\u00f3 por la presidencia municipal en la \u00faltima justa pol\u00edtica, explic\u00f3 que en ambos casos se trata de delitos menores.<br \/>\nEjemplific\u00f3 que el costo de los da\u00f1os en un expediente es de $250 pesos por haber violentado una chapa antes de ingresar a un predio que asegura, \u201ces de su propiedad\u201d.<br \/>\n\u201cAparte ni est\u00e1 probado\u201d, explic\u00f3 una persona del sexo femenino que al parecer es su asesor legal.<br \/>\nChava Guzm\u00e1n Relat\u00f3 que en ning\u00fan momento se le ingres\u00f3 a la c\u00e1rcel, \u00fanicamente fue presentado en barandilla e inmediatamente se le traslad\u00f3 al juzgado d\u00f3nde garantiz\u00f3 su libertad de acuerdo a los medios que marca la legislaci\u00f3n vigente.<br \/>\nEl ex edil pri\u00edsta, asegur\u00f3 que en relaci\u00f3n al primer asunto, este martes \u201cse le regresar\u00eda la fianza y le dictar\u00edan soltura, porque existen claras violaciones al procedimiento\u201d.<br \/>\n\u201cLa acci\u00f3n penal ya estaba prescrita\u201d, irrumpi\u00f3 en defensa una mujer al momento de la entrevista.<br \/>\nSalvador Guzm\u00e1n record\u00f3 que existe una querella d\u00f3nde comparece como parte ofendida, al indicar que es due\u00f1o del fraccionamiento Jardines de la Unidad.<\/p>\n","protected":false},"excerpt":{"rendered":"<p>Marco Serna Guadalc\u00e1zar, S.L.P.- Luego de haberse cumplimentado dos \u00f3rdenes de aprehensi\u00f3n en su contra en menos de 5 d\u00edas, el ex presidente de Cerritos Salvador Guzm\u00e1n Carbajal denunci\u00f3 supuestas&#8230;<\/p>\n","protected":false},"author":1,"featured_media":0,"comment_status":"closed","ping_status":"open","sticky":false,"template":"","format":"standard","meta":{"footnotes":""},"categories":[3],"tags":[],"class_list":["post-1120","post","type-post","status-publish","format-standard","hentry","category-cerritos","entry","simple"],"_links":{"self":[{"href":"https:\/\/www.plurinominal.com.mx\/index.php?rest_route=\/wp\/v2\/posts\/1120","targetHints":{"allow":["GET"]}}],"collection":[{"href":"https:\/\/www.plurinominal.com.mx\/index.php?rest_route=\/wp\/v2\/posts"}],"about":[{"href":"https:\/\/www.plurinominal.com.mx\/index.php?rest_route=\/wp\/v2\/types\/post"}],"author":[{"embeddable":true,"href":"https:\/\/www.plurinominal.com.mx\/index.php?rest_route=\/wp\/v2\/users\/1"}],"replies":[{"embeddable":true,"href":"https:\/\/www.plurinominal.com.mx\/index.php?rest_route=%2Fwp%2Fv2%2Fcomments&post=1120"}],"version-history":[{"count":0,"href":"https:\/\/www.plurinominal.com.mx\/index.php?rest_route=\/wp\/v2\/posts\/1120\/revisions"}],"wp:attachment":[{"href":"https:\/\/www.plurinominal.com.mx\/index.php?rest_route=%2Fwp%2Fv2%2Fmedia&parent=1120"}],"wp:term":[{"taxonomy":"category","embeddable":true,"href":"https:\/\/www.plurinominal.com.mx\/index.php?rest_route=%2Fwp%2Fv2%2Fcategories&post=1120"},{"taxonomy":"post_tag","embeddable":true,"href":"https:\/\/www.plurinominal.com.mx\/index.php?rest_route=%2Fwp%2Fv2%2Ftags&post=1120"}],"curies":[{"name":"wp","href":"https:\/\/api.w.org\/{rel}","templated":true}]}}