{"id":1124,"date":"2011-12-09T16:02:52","date_gmt":"2011-12-09T22:02:52","guid":{"rendered":"http:\/\/www.plurinominal.com.mx\/?p=1124"},"modified":"2012-01-02T16:03:30","modified_gmt":"2012-01-02T22:03:30","slug":"sera-esta-semana-cuando-comiencen-a-reparar-los-danos-ocasionados-por-empresas-en-vj","status":"publish","type":"post","link":"https:\/\/www.plurinominal.com.mx\/?p=1124","title":{"rendered":"Ser\u00e1 esta semana cuando comiencen a reparar los da\u00f1os ocasionados por empresas en VJ"},"content":{"rendered":"<p>Constructora encargada de meter l\u00edneas de agua potable hizo mala compactaci\u00f3n<\/p>\n<p>Antonio \u00c1.<br \/>\nA partir de esta semana, fue confirmado a Plurinominal de parte de funcionarios del vecino municipio, que podr\u00eda iniciar la reparaci\u00f3n de los parches de pavimentos que fueron colocados por empresas constructoras que quedaron mal y provocaron hundimientos en Villa Ju\u00e1rez.<br \/>\nSe ha logrado conocer que los responsables de los da\u00f1os que se dieron luego de la introducci\u00f3n de l\u00edneas de agua y drenaje en casi toda la mancha urbana, fueron los encargados de meter tuber\u00eda, esto lo confirm\u00f3 la Comisi\u00f3n Estatal del Agua.<br \/>\nPor este motivo se les oblig\u00f3 a reparar los desperfectos ocurridos por la mala compactaci\u00f3n del subsuelo.<br \/>\nAnteriormente Plurinominal hab\u00eda mencionado en diferentes ediciones que las lluvias en su momento fueron factor para retrasar los trabajos.<br \/>\nEn muchas ocasiones la empresa responsable de parchar las zanjas, no contempl\u00f3 luego de mojarse el suelo, volver a compactar.<br \/>\nAs\u00ed hubiera evitado que la tierra se humedeciera y sufriera grietas.<br \/>\nDe este modo, empeoraron los trabajos, porque tambi\u00e9n hubo m\u00faltiples reportes de fugas despu\u00e9s de haberse instalado conexiones, aparte, los empleados no analizaron acciones para evitar los da\u00f1os por el humedecimiento.<br \/>\nHa sido mencionado que todo el pavimento que est\u00e9 roto tendr\u00e1 que ser reparado, lo que significa que podr\u00edan volver a abrir una gran cantidad de zanjas para volver a compactar el suelo y colocar parches de concreto, en caso contrario no se recibir\u00e1 la obra de parte de presidencia.<\/p>\n","protected":false},"excerpt":{"rendered":"<p>Constructora encargada de meter l\u00edneas de agua potable hizo mala compactaci\u00f3n Antonio \u00c1. A partir de esta semana, fue confirmado a Plurinominal de parte de funcionarios del vecino municipio, que&#8230;<\/p>\n","protected":false},"author":1,"featured_media":0,"comment_status":"closed","ping_status":"open","sticky":false,"template":"","format":"standard","meta":{"footnotes":""},"categories":[4],"tags":[],"class_list":["post-1124","post","type-post","status-publish","format-standard","hentry","category-villa-juarez","entry","simple"],"_links":{"self":[{"href":"https:\/\/www.plurinominal.com.mx\/index.php?rest_route=\/wp\/v2\/posts\/1124","targetHints":{"allow":["GET"]}}],"collection":[{"href":"https:\/\/www.plurinominal.com.mx\/index.php?rest_route=\/wp\/v2\/posts"}],"about":[{"href":"https:\/\/www.plurinominal.com.mx\/index.php?rest_route=\/wp\/v2\/types\/post"}],"author":[{"embeddable":true,"href":"https:\/\/www.plurinominal.com.mx\/index.php?rest_route=\/wp\/v2\/users\/1"}],"replies":[{"embeddable":true,"href":"https:\/\/www.plurinominal.com.mx\/index.php?rest_route=%2Fwp%2Fv2%2Fcomments&post=1124"}],"version-history":[{"count":0,"href":"https:\/\/www.plurinominal.com.mx\/index.php?rest_route=\/wp\/v2\/posts\/1124\/revisions"}],"wp:attachment":[{"href":"https:\/\/www.plurinominal.com.mx\/index.php?rest_route=%2Fwp%2Fv2%2Fmedia&parent=1124"}],"wp:term":[{"taxonomy":"category","embeddable":true,"href":"https:\/\/www.plurinominal.com.mx\/index.php?rest_route=%2Fwp%2Fv2%2Fcategories&post=1124"},{"taxonomy":"post_tag","embeddable":true,"href":"https:\/\/www.plurinominal.com.mx\/index.php?rest_route=%2Fwp%2Fv2%2Ftags&post=1124"}],"curies":[{"name":"wp","href":"https:\/\/api.w.org\/{rel}","templated":true}]}}