{"id":113,"date":"2011-10-18T01:27:27","date_gmt":"2011-10-18T01:27:27","guid":{"rendered":"http:\/\/www.plurinominal.com.mx\/?p=113"},"modified":"2011-11-05T01:28:00","modified_gmt":"2011-11-05T01:28:00","slug":"critican-a-%e2%80%9cpre-candidatos%e2%80%9d-panistas","status":"publish","type":"post","link":"https:\/\/www.plurinominal.com.mx\/?p=113","title":{"rendered":"Critican a \u201cpre candidatos\u201d panistas"},"content":{"rendered":"<p>Marco Serna<br \/>\nLuego de conocer que la lucha por la pre candidatura del Partido Acci\u00f3n Nacional se centra entre los personajes Gregorio Carbajal y Arturo Narv\u00e1ez, habitantes del Tepoz\u00e1n \u2014que por obvias razones suplicaron que no se revelaran sus generales\u2014, reconocen que les sorprendi\u00f3 la decisi\u00f3n del Notario,  al que esperaban ver en acci\u00f3n hasta el 2015.<br \/>\n\u201cPor nuestra parte, los panistas del Tepoz\u00e1n estamos bien, pero nos desubican al generar divisionismo, ya que no hallamos a quien hacerle caso, nos dicen una cosa y luego otra, se descontrola uno\u201d.<br \/>\nSobre el Notario P\u00fablico \u2014con sede en Villa de Arista\u2014, mencionan, \u201cnosotros le tomamos en cuenta que es muy en\u00e9rgico, habla muy fuerte, y por ah\u00ed ha echado a perder unas cositas, y si ya andando en campa\u00f1a va a hablar as\u00ed, en la de menos va a ofender a alguien, entonces por ese lado tiene esa desventaja. No habla con malas, habla claro pero fuerte\u201d. Manifestaron.<br \/>\nLos vecinos panistas del Tepoz\u00e1n tienen entendido que Gregorio y Arturo, \u201chan tratado de dialogar pero no se han puesto de acuerdo\u201d.<br \/>\nEllos aseguran que el \u00faltimo le ofrece al Ingeniero un cargo popular, pero \u00e9ste indica, \u201cno, yo voy a participar\u201d.<br \/>\nSobre Gregorio Carbajal, reconocen que tiene como ventaja el estar trabajando con mucha anterioridad, \u201ces muy conocido, \u00e9l le apuesta a lo que es el campo\u201d.<br \/>\nDe acuerdo a la declaraci\u00f3n mencionada a personal de este medio, los panistas de esa comunidad que es de las m\u00e1s habitadas del territorio cerritense, tienen entendido que ya hubo acercamientos de empresarios con Narv\u00e1ez para apoyar su pre campa\u00f1a.<br \/>\nSobre Gregorio Carbajal, ha sido Antonio Padr\u00f3n alias el \u201cSoldado\u201d quien ha hecho declaraciones particulares.<br \/>\n\u201cYo definitivamente con Goyo no estoy de acuerdo, necesitar\u00eda ver que realmente quisiera ayudar al pueblo, sino ser\u00e1 un fracaso m\u00e1s\u201d.<br \/>\n\u201cEl soldado\u201d, dijo que es necesaria la unidad para ganar, pero si \u00e9sta no se logra, los pre candidato s\u00f3lo ser\u00e1n estorbos, \u201cuno para el otro\u201d.<br \/>\nAntonio Padr\u00f3n declar\u00f3 que \u201ccomo Carbajal ya ha participado muchas veces, la \u00fanica soluci\u00f3n ser\u00eda que se uniera a otra persona que no est\u00e9 quemada, porque si quiere participar lo puede hacer desde cualquier trinchera, no necesita ganar ni estar arriba\u201d.<\/p>\n","protected":false},"excerpt":{"rendered":"<p>Marco Serna Luego de conocer que la lucha por la pre candidatura del Partido Acci\u00f3n Nacional se centra entre los personajes Gregorio Carbajal y Arturo Narv\u00e1ez, habitantes del Tepoz\u00e1n \u2014que&#8230;<\/p>\n","protected":false},"author":1,"featured_media":0,"comment_status":"closed","ping_status":"open","sticky":false,"template":"","format":"standard","meta":{"footnotes":""},"categories":[3],"tags":[58,59],"class_list":["post-113","post","type-post","status-publish","format-standard","hentry","category-cerritos","tag-pan","tag-precandidatos","entry","simple"],"_links":{"self":[{"href":"https:\/\/www.plurinominal.com.mx\/index.php?rest_route=\/wp\/v2\/posts\/113","targetHints":{"allow":["GET"]}}],"collection":[{"href":"https:\/\/www.plurinominal.com.mx\/index.php?rest_route=\/wp\/v2\/posts"}],"about":[{"href":"https:\/\/www.plurinominal.com.mx\/index.php?rest_route=\/wp\/v2\/types\/post"}],"author":[{"embeddable":true,"href":"https:\/\/www.plurinominal.com.mx\/index.php?rest_route=\/wp\/v2\/users\/1"}],"replies":[{"embeddable":true,"href":"https:\/\/www.plurinominal.com.mx\/index.php?rest_route=%2Fwp%2Fv2%2Fcomments&post=113"}],"version-history":[{"count":0,"href":"https:\/\/www.plurinominal.com.mx\/index.php?rest_route=\/wp\/v2\/posts\/113\/revisions"}],"wp:attachment":[{"href":"https:\/\/www.plurinominal.com.mx\/index.php?rest_route=%2Fwp%2Fv2%2Fmedia&parent=113"}],"wp:term":[{"taxonomy":"category","embeddable":true,"href":"https:\/\/www.plurinominal.com.mx\/index.php?rest_route=%2Fwp%2Fv2%2Fcategories&post=113"},{"taxonomy":"post_tag","embeddable":true,"href":"https:\/\/www.plurinominal.com.mx\/index.php?rest_route=%2Fwp%2Fv2%2Ftags&post=113"}],"curies":[{"name":"wp","href":"https:\/\/api.w.org\/{rel}","templated":true}]}}