{"id":1134,"date":"2011-12-07T16:07:31","date_gmt":"2011-12-07T22:07:31","guid":{"rendered":"http:\/\/www.plurinominal.com.mx\/?p=1134"},"modified":"2012-01-02T16:07:52","modified_gmt":"2012-01-02T22:07:52","slug":"construyeron-aula-en-escuela-de-villa-juarez","status":"publish","type":"post","link":"https:\/\/www.plurinominal.com.mx\/?p=1134","title":{"rendered":"Construyeron aula en escuela de Villa Ju\u00e1rez"},"content":{"rendered":"<p>To\u00f1o R.<br \/>\nConcluy\u00f3 la construcci\u00f3n de un aula en la escuela primaria Himno Nacional de la cabecera municipal de Villa Ju\u00e1rez.<br \/>\nDebido a la necesidad con la que contaba esta instituci\u00f3n, el presidente municipal Jes\u00fas Ruiz Castillo, tom\u00f3 la determinaci\u00f3n de realizar la construcci\u00f3n a la brevedad posible.<br \/>\nEsta obra se ejecut\u00f3 al 100% con recurso municipal y se bas\u00f3 en las especificaciones del Instituto Estatal de Infraestructura F\u00edsica Educativa (IEIFE). Para garantizar una construcci\u00f3n de calidad, el sal\u00f3n cuenta con unas dimensiones de 6 por 8 metros.<br \/>\nSe invirtieron en su edificaci\u00f3n aproximadamente 250 mil pesos.<br \/>\nAnterior a esto los alumnos que la ocupar\u00e1n tomaban calase en la biblioteca de la escuela que cuenta con 181 estudiantes.<br \/>\nEl Director del plantel, Alfonso Ceballos as\u00ed como padres de familia expusieron esta situaci\u00f3n ante el presidente municipal.<br \/>\nEl aula tambi\u00e9n contar\u00e1 con mobiliario, sillas y mesas para los alumnos as\u00ed como para el maestro. Fue inaugurada el lunes 5 de diciembre del presente a\u00f1o en punto de las 8:30 de la ma\u00f1ana.<\/p>\n","protected":false},"excerpt":{"rendered":"<p>To\u00f1o R. Concluy\u00f3 la construcci\u00f3n de un aula en la escuela primaria Himno Nacional de la cabecera municipal de Villa Ju\u00e1rez. Debido a la necesidad con la que contaba esta&#8230;<\/p>\n","protected":false},"author":1,"featured_media":0,"comment_status":"closed","ping_status":"open","sticky":false,"template":"","format":"standard","meta":{"footnotes":""},"categories":[4],"tags":[],"class_list":["post-1134","post","type-post","status-publish","format-standard","hentry","category-villa-juarez","entry","simple"],"_links":{"self":[{"href":"https:\/\/www.plurinominal.com.mx\/index.php?rest_route=\/wp\/v2\/posts\/1134","targetHints":{"allow":["GET"]}}],"collection":[{"href":"https:\/\/www.plurinominal.com.mx\/index.php?rest_route=\/wp\/v2\/posts"}],"about":[{"href":"https:\/\/www.plurinominal.com.mx\/index.php?rest_route=\/wp\/v2\/types\/post"}],"author":[{"embeddable":true,"href":"https:\/\/www.plurinominal.com.mx\/index.php?rest_route=\/wp\/v2\/users\/1"}],"replies":[{"embeddable":true,"href":"https:\/\/www.plurinominal.com.mx\/index.php?rest_route=%2Fwp%2Fv2%2Fcomments&post=1134"}],"version-history":[{"count":0,"href":"https:\/\/www.plurinominal.com.mx\/index.php?rest_route=\/wp\/v2\/posts\/1134\/revisions"}],"wp:attachment":[{"href":"https:\/\/www.plurinominal.com.mx\/index.php?rest_route=%2Fwp%2Fv2%2Fmedia&parent=1134"}],"wp:term":[{"taxonomy":"category","embeddable":true,"href":"https:\/\/www.plurinominal.com.mx\/index.php?rest_route=%2Fwp%2Fv2%2Fcategories&post=1134"},{"taxonomy":"post_tag","embeddable":true,"href":"https:\/\/www.plurinominal.com.mx\/index.php?rest_route=%2Fwp%2Fv2%2Ftags&post=1134"}],"curies":[{"name":"wp","href":"https:\/\/api.w.org\/{rel}","templated":true}]}}