{"id":1136,"date":"2011-12-06T16:08:26","date_gmt":"2011-12-06T22:08:26","guid":{"rendered":"http:\/\/www.plurinominal.com.mx\/?p=1136"},"modified":"2012-01-02T16:08:48","modified_gmt":"2012-01-02T22:08:48","slug":"ofreceran-capacitacion-a-elementos-policiacos","status":"publish","type":"post","link":"https:\/\/www.plurinominal.com.mx\/?p=1136","title":{"rendered":"Ofrecer\u00e1n capacitaci\u00f3n a elementos policiacos"},"content":{"rendered":"<p>M. del C. Valero<br \/>\nEl Director de Seguridad P\u00fablica Municipal Jorge Adonai Valladares Lugo, dijo que se intenta brindar capacitaci\u00f3n a los elementos.<br \/>\nNueve polic\u00edas acudir\u00e1n a la Academia la pr\u00f3xima semana, a lo largo de seis meses.<br \/>\nPor parte del Ayuntamiento se brindar\u00e1n los vi\u00e1ticos y materiales necesarios.<br \/>\nLos cursos ser\u00e1n durante dos d\u00edas de cada semana, espec\u00edficamente los mi\u00e9rcoles y jueves.<br \/>\nValladares Lugo explic\u00f3 que la Academia de Polic\u00eda brindar\u00e1 alojamiento y alimentaci\u00f3n a los participantes.<br \/>\nA\u00f1adi\u00f3 que primeramente ir\u00e1n al curso nueve oficiales de la Direcci\u00f3n de Seguridad P\u00fablica Municipal y dentro de seis meses otro n\u00famero similar.<br \/>\nDe este modo, todos recibir\u00e1n la capacitaci\u00f3n, lo que servir\u00e1 para el desempe\u00f1o de sus funciones con mayor efectividad.<br \/>\nIndic\u00f3 que los cursos son conforme al sistema policiaco homologado.<br \/>\nSe impartir\u00e1n conocimientos en artes de defensa personal, de custodia, sobre derechos humanos y manejo de armas. Adem\u00e1s se les brindar\u00e1 un curso b\u00e1sico de derecho.<\/p>\n","protected":false},"excerpt":{"rendered":"<p>M. del C. Valero El Director de Seguridad P\u00fablica Municipal Jorge Adonai Valladares Lugo, dijo que se intenta brindar capacitaci\u00f3n a los elementos. Nueve polic\u00edas acudir\u00e1n a la Academia la&#8230;<\/p>\n","protected":false},"author":1,"featured_media":0,"comment_status":"closed","ping_status":"open","sticky":false,"template":"","format":"standard","meta":{"footnotes":""},"categories":[3],"tags":[],"class_list":["post-1136","post","type-post","status-publish","format-standard","hentry","category-cerritos","entry","simple"],"_links":{"self":[{"href":"https:\/\/www.plurinominal.com.mx\/index.php?rest_route=\/wp\/v2\/posts\/1136","targetHints":{"allow":["GET"]}}],"collection":[{"href":"https:\/\/www.plurinominal.com.mx\/index.php?rest_route=\/wp\/v2\/posts"}],"about":[{"href":"https:\/\/www.plurinominal.com.mx\/index.php?rest_route=\/wp\/v2\/types\/post"}],"author":[{"embeddable":true,"href":"https:\/\/www.plurinominal.com.mx\/index.php?rest_route=\/wp\/v2\/users\/1"}],"replies":[{"embeddable":true,"href":"https:\/\/www.plurinominal.com.mx\/index.php?rest_route=%2Fwp%2Fv2%2Fcomments&post=1136"}],"version-history":[{"count":0,"href":"https:\/\/www.plurinominal.com.mx\/index.php?rest_route=\/wp\/v2\/posts\/1136\/revisions"}],"wp:attachment":[{"href":"https:\/\/www.plurinominal.com.mx\/index.php?rest_route=%2Fwp%2Fv2%2Fmedia&parent=1136"}],"wp:term":[{"taxonomy":"category","embeddable":true,"href":"https:\/\/www.plurinominal.com.mx\/index.php?rest_route=%2Fwp%2Fv2%2Fcategories&post=1136"},{"taxonomy":"post_tag","embeddable":true,"href":"https:\/\/www.plurinominal.com.mx\/index.php?rest_route=%2Fwp%2Fv2%2Ftags&post=1136"}],"curies":[{"name":"wp","href":"https:\/\/api.w.org\/{rel}","templated":true}]}}