{"id":1142,"date":"2011-12-07T16:11:13","date_gmt":"2011-12-07T22:11:13","guid":{"rendered":"http:\/\/www.plurinominal.com.mx\/?p=1142"},"modified":"2012-01-02T16:11:49","modified_gmt":"2012-01-02T22:11:49","slug":"falsifican-firma-de-sindico-municipal","status":"publish","type":"post","link":"https:\/\/www.plurinominal.com.mx\/?p=1142","title":{"rendered":"Falsifican firma de S\u00edndico Municipal"},"content":{"rendered":"<p>Integrantes de Cabildo podr\u00edan ser castigados penalmente<\/p>\n<p>Ma. del Carmen V. y equipo de redacci\u00f3n<br \/>\nPor haber resultado falsa la firma de la S\u00edndico Municipal del H. Ayuntamiento de Cerritos, \u2014Judith Gloria Guzm\u00e1n\u2014 los integrantes del Cabildo Podr\u00edan ser castigados penalmente.<br \/>\nLo anterior fue expuesto en la \u00faltima reuni\u00f3n ocurrida la semana pasada entre los ediles.<br \/>\nLa Licenciada Natalia Castillo Vera, se present\u00f3 a recomendar un mejor desempe\u00f1o por parte de los asesores legales del Ayuntamiento.<br \/>\nPlurinominal conoci\u00f3 m\u00e1s detalles sobre el caso.<br \/>\nTodo deriva de un asunto de Salvador Mart\u00ednez Sifuentes, quien interpuso un recurso de queja ante el Tribunal de lo Contencioso Administrativo.<br \/>\nC\u00f3mo se recordar\u00e1 el Contralor Municipal Lucio Ramos carec\u00eda de las facultades para llevar a cabo una sanci\u00f3n al ex alcalde, quien recurri\u00f3 en queja ante el Tribunal de lo Contencioso Administrativo.<br \/>\nEl contralor deb\u00eda primero exponer su resoluci\u00f3n al Cabildo, y \u00e9ste a su vez aprobarla.<br \/>\nPosteriormente se hizo del conocimiento la queja interpuesta por el ex Presidente Municipal al H. Ayuntamiento.<br \/>\nPresidencia respondi\u00f3 con un documento signado por la S\u00edndico Municipal, pero la firma era ap\u00f3crifa.<br \/>\n\u201cLa hicieron parecida, con los mismos rasgos s\u00f3lo que al rev\u00e9s\u201d. Se explic\u00f3 a este medio.<br \/>\nLa abogada del ex Presidente Municipal solicit\u00f3 que un perito determinara si la firma correspond\u00eda a Judith Gloria. \u00c9ste dictamin\u00f3 que era falsa.<br \/>\nPosteriormente la defensa de Mart\u00ednez Sifuentes solicit\u00f3 la presencia de la S\u00edndico Municipal, para que ante el tribunal ratificara el documento pero no se present\u00f3. El TECA tuvo que apercibirla, incluso la sancion\u00f3  econ\u00f3micamente.<br \/>\nFue despu\u00e9s, cuando la S\u00edndico Municipal desconoci\u00f3 la firma ante la autoridad correspondiente, as\u00ed como el propio documento que la conten\u00eda.<br \/>\nAhora se espera una denuncia penal contra los integrantes del Cabildo para dar con los responsables de la falsificaci\u00f3n.<\/p>\n","protected":false},"excerpt":{"rendered":"<p>Integrantes de Cabildo podr\u00edan ser castigados penalmente Ma. del Carmen V. y equipo de redacci\u00f3n Por haber resultado falsa la firma de la S\u00edndico Municipal del H. Ayuntamiento de Cerritos,&#8230;<\/p>\n","protected":false},"author":1,"featured_media":0,"comment_status":"closed","ping_status":"open","sticky":false,"template":"","format":"standard","meta":{"footnotes":""},"categories":[3],"tags":[],"class_list":["post-1142","post","type-post","status-publish","format-standard","hentry","category-cerritos","entry","simple"],"_links":{"self":[{"href":"https:\/\/www.plurinominal.com.mx\/index.php?rest_route=\/wp\/v2\/posts\/1142","targetHints":{"allow":["GET"]}}],"collection":[{"href":"https:\/\/www.plurinominal.com.mx\/index.php?rest_route=\/wp\/v2\/posts"}],"about":[{"href":"https:\/\/www.plurinominal.com.mx\/index.php?rest_route=\/wp\/v2\/types\/post"}],"author":[{"embeddable":true,"href":"https:\/\/www.plurinominal.com.mx\/index.php?rest_route=\/wp\/v2\/users\/1"}],"replies":[{"embeddable":true,"href":"https:\/\/www.plurinominal.com.mx\/index.php?rest_route=%2Fwp%2Fv2%2Fcomments&post=1142"}],"version-history":[{"count":0,"href":"https:\/\/www.plurinominal.com.mx\/index.php?rest_route=\/wp\/v2\/posts\/1142\/revisions"}],"wp:attachment":[{"href":"https:\/\/www.plurinominal.com.mx\/index.php?rest_route=%2Fwp%2Fv2%2Fmedia&parent=1142"}],"wp:term":[{"taxonomy":"category","embeddable":true,"href":"https:\/\/www.plurinominal.com.mx\/index.php?rest_route=%2Fwp%2Fv2%2Fcategories&post=1142"},{"taxonomy":"post_tag","embeddable":true,"href":"https:\/\/www.plurinominal.com.mx\/index.php?rest_route=%2Fwp%2Fv2%2Ftags&post=1142"}],"curies":[{"name":"wp","href":"https:\/\/api.w.org\/{rel}","templated":true}]}}