{"id":11436,"date":"2018-05-15T14:30:13","date_gmt":"2018-05-15T19:30:13","guid":{"rendered":"http:\/\/www.plurinominal.com.mx\/?p=11436"},"modified":"2018-05-29T14:37:23","modified_gmt":"2018-05-29T19:37:23","slug":"es-la-ultima-oportunidad-para-salvar-al-pais-profe-chava","status":"publish","type":"post","link":"https:\/\/www.plurinominal.com.mx\/?p=11436","title":{"rendered":"Es la \u00faltima oportunidad para salvar al pa\u00eds: Profe Chava"},"content":{"rendered":"<ul>\n<li class=\"western\" lang=\"es-ES\" style=\"text-align: justify;\">AMLO sigue llenando espacios en donde quiera que se presenta, indica<\/li>\n<\/ul>\n<p class=\"western\" lang=\"es-ES\" style=\"text-align: justify;\"><strong><span style=\"font-size: 10pt; font-family: 'trebuchet ms', geneva, sans-serif;\">Por MARCO SERNA.- <\/span><\/strong>\u201cOjal\u00e1 que las cosas cambien, es la \u00faltima oportunidad para salvar al pa\u00eds, porque est\u00e1 en venta, no vamos hacia ning\u00fan lado, ya no hay nada\u201d. As\u00ed lo dijo en entrevista el Profesor Salvador Nieto Ch\u00e1vez en el marco del D\u00eda del Maestro.<\/p>\n<p class=\"western\" lang=\"es-ES\" style=\"text-align: justify;\">El Profesor dijo que por cuestiones de salud no podr\u00eda acudir a Rioverde para escuchar el mensaje del candidato a la Presidencia de la Rep\u00fablica, Andr\u00e9s Manuel L\u00f3pez Obrador, pero explic\u00f3 que ante el \u201cr\u00e9gimen capitalista\u201d que devora al pa\u00eds, el aspirante parece ser la \u00fanica oposici\u00f3n al sistema.<\/p>\n<p class=\"western\" lang=\"es-ES\" style=\"text-align: justify;\">\u201cSe han convertido en secuaces, son las mismas familias las que dominan, as\u00ed es por donde uno le \u2018buiga\u2019, declar\u00f3 el maestro, quien record\u00f3 el arduo camino que ha enfrentado el tabasque\u00f1o.<\/p>\n<p class=\"western\" lang=\"es-ES\" style=\"text-align: justify;\">Ejemplific\u00f3 el desafuero que pretend\u00edan en conjunto los opositores de Andr\u00e9s Manuel, uno de los procesos legales m\u00e1s famosos en la historia mexicana reciente que ocurri\u00f3 durante los a\u00f1os 2004 y 2005, donde los preparativos, sus causas y su desenlace fueron uno de los temas m\u00e1s pol\u00e9micos en la sociedad de ese pa\u00eds, \u201cy todo por querer hacer las cosas bien\u201d.<\/p>\n<p class=\"western\" lang=\"es-ES\" style=\"text-align: justify;\">\u201cDesde entonces aquellos no han podido, y ahora L\u00f3pez Obrador todav\u00eda tiene fuerza, creo yo que m\u00e1s que nunca, porque sigue llenando espacios en donde quiera que se presenta\u201d. Declar\u00f3 Nieto Ch\u00e1vez.<\/p>\n<p class=\"western\" lang=\"es-ES\" style=\"text-align: justify;\">Salvador Nieto considera que los dem\u00e1s contrincantes \u201cest\u00e1n unidos\u201d, \u201cla cosa es impedir que llegue L\u00f3pez Obrador\u201d.<\/p>\n<p class=\"western\" lang=\"es-ES\" style=\"text-align: justify;\">Dijo que de convertirse en Presidente de la Rep\u00fablica, Cerritos debe recordarle los proyectos que fueron opacados por los gobiernos que han estado en el poder.<\/p>\n<p class=\"western\" lang=\"es-ES\" style=\"text-align: justify;\">Uno es el que se inici\u00f3 en esta localidad con el fin de prevenir la podredumbre de fruta, y todo por causa de los huevecillos de la mosca. Se pretendi\u00f3 erradicar este problema porque \u201cla fruta llega enferma y se pudre, es algo grave, ten\u00edamos apoyo federal para iniciar el proyecto pero de repente se acab\u00f3, igual pas\u00f3 con el programa del Gusano Barrenador, y con La Garrapata, todo lo dejaron a medias\u201d. Lament\u00f3 el profesor.<\/p>\n<p class=\"western\" lang=\"es-ES\" style=\"text-align: justify;\">Indic\u00f3 que es necesario hacerle llegar al candidato estas necesidades, pues son los productores los que han venido resintiendo la problem\u00e1tica que se traduce en millones de pesos en p\u00e9rdidas.<\/p>\n","protected":false},"excerpt":{"rendered":"<p>AMLO sigue llenando espacios en donde quiera que se presenta, indica Por MARCO SERNA.- \u201cOjal\u00e1 que las cosas cambien, es la \u00faltima oportunidad para salvar al pa\u00eds, porque est\u00e1 en&#8230;<\/p>\n","protected":false},"author":1,"featured_media":11437,"comment_status":"closed","ping_status":"open","sticky":false,"template":"","format":"standard","meta":{"footnotes":""},"categories":[483,486,463],"tags":[],"class_list":["post-11436","post","type-post","status-publish","format-standard","has-post-thumbnail","hentry","category-cultura","category-educacion","category-politica","entry","simple"],"_links":{"self":[{"href":"https:\/\/www.plurinominal.com.mx\/index.php?rest_route=\/wp\/v2\/posts\/11436","targetHints":{"allow":["GET"]}}],"collection":[{"href":"https:\/\/www.plurinominal.com.mx\/index.php?rest_route=\/wp\/v2\/posts"}],"about":[{"href":"https:\/\/www.plurinominal.com.mx\/index.php?rest_route=\/wp\/v2\/types\/post"}],"author":[{"embeddable":true,"href":"https:\/\/www.plurinominal.com.mx\/index.php?rest_route=\/wp\/v2\/users\/1"}],"replies":[{"embeddable":true,"href":"https:\/\/www.plurinominal.com.mx\/index.php?rest_route=%2Fwp%2Fv2%2Fcomments&post=11436"}],"version-history":[{"count":0,"href":"https:\/\/www.plurinominal.com.mx\/index.php?rest_route=\/wp\/v2\/posts\/11436\/revisions"}],"wp:featuredmedia":[{"embeddable":true,"href":"https:\/\/www.plurinominal.com.mx\/index.php?rest_route=\/wp\/v2\/media\/11437"}],"wp:attachment":[{"href":"https:\/\/www.plurinominal.com.mx\/index.php?rest_route=%2Fwp%2Fv2%2Fmedia&parent=11436"}],"wp:term":[{"taxonomy":"category","embeddable":true,"href":"https:\/\/www.plurinominal.com.mx\/index.php?rest_route=%2Fwp%2Fv2%2Fcategories&post=11436"},{"taxonomy":"post_tag","embeddable":true,"href":"https:\/\/www.plurinominal.com.mx\/index.php?rest_route=%2Fwp%2Fv2%2Ftags&post=11436"}],"curies":[{"name":"wp","href":"https:\/\/api.w.org\/{rel}","templated":true}]}}