{"id":1146,"date":"2012-01-02T16:15:54","date_gmt":"2012-01-02T22:15:54","guid":{"rendered":"http:\/\/www.plurinominal.com.mx\/?p=1146"},"modified":"2012-01-02T16:15:54","modified_gmt":"2012-01-02T22:15:54","slug":"34-detenidos-por-elementos-de-la-direccion-de-seguridad-publica-municipal-durante-diciembre","status":"publish","type":"post","link":"https:\/\/www.plurinominal.com.mx\/?p=1146","title":{"rendered":"34 detenidos por elementos de la Direcci\u00f3n de Seguridad P\u00fablica Municipal durante diciembre"},"content":{"rendered":"<p>Del equipo de redacci\u00f3n<br \/>\nPor faltas meramente administrativas, el nombre de los alteradores del orden se muestra en la siguiente lista. Casi todos lograron salir en libertad luego de cumplir con horas de arresto o pagar las multas correspondientes durante el mes de diciembre:<br \/>\nC\u00e9sar Rodr\u00edguez Guti\u00e9rrez, 29 a\u00f1os, Guerrero 49.<br \/>\nV\u00edctor Jim\u00e9nez Ortega, 46 a\u00f1os, Lerdo de Tejada n\u00famero 15.<br \/>\nArmando Ram\u00edrez Orozco, 41 a\u00f1os, Privada de Lerdo de Adalberto de \u00c1vila No. 2.<br \/>\nJes\u00fas Alfonso Hern\u00e1ndez Quintero, 20 a\u00f1os, Quintas de los Pinos 109.<br \/>\nGeovanny Alejo Orozco, 22 a\u00f1os, Rafael Nieto 37.<br \/>\nMar\u00eda Magdalena Castillo Ram\u00edrez, 18 a\u00f1os, Matamoros 611.<br \/>\nFrancisco Rodr\u00edguez Elizalde, 33 a\u00f1os, Petrolera n\u00famero 12.<br \/>\nJos\u00e9 Cruz Villera Garc\u00eda, 28 a\u00f1os, Carrillo Puerto 65.<br \/>\nAnacleto Garc\u00eda Mart\u00ednez, 46 a\u00f1os, Colonia Sat\u00e9lite.<br \/>\nAntonio \u00c1lvarez Quintero, 45 a\u00f1os, de la calle Jim\u00e9nez.<br \/>\nPablo Castillo Ruelas, 48 a\u00f1os de Matamoros 18.<br \/>\nMart\u00edn Castillo Torres, 45 a\u00f1os, domicilio conocido.<br \/>\nPablo Calder\u00f3n Rodr\u00edguez, de 19 a\u00f1os, de Altamira.<br \/>\nFrancisco Javier V. Salazar, 23 a\u00f1os, Iturbide 22 de Cd. Fern\u00e1ndez.<br \/>\nH\u00e9ctor Ruiz Colchado, 38 a\u00f1os, calle 5 de Mayo, de la comunidad de El Granjenal.<br \/>\nH\u00e9ctor Manuel Reyes Villase\u00f1or, 21 a\u00f1os, Jim\u00e9nez 51.<br \/>\nGenaro Mart\u00ednez \u00c1vila, 32 a\u00f1os, V. Carranza 44.<br \/>\nF\u00e9lix Carrizales Hern\u00e1ndez, 27 a\u00f1os, Bocanegra 70 A.<br \/>\nBernardo Tob\u00edas Cuevas, 57 a\u00f1os, vecino de El Tepetate, (se le detuvo el 18, 20 y 24 de diciembre).<br \/>\nSaid Guti\u00e9rrez Mart\u00ednez, 35 a\u00f1os, Cuauht\u00e9moc 6-A.<br \/>\nIsmael Chavira Aranda, 34 a\u00f1os, Emilio Carranza, 37.<br \/>\nJos\u00e9 Santos Maldonado Garc\u00eda, 32 a\u00f1os, Rafael Nieto 38.<br \/>\nJos\u00e9 Francisco Reyes V\u00e1zquez, 31 a\u00f1os, de la calle Vicente Guerrero.<br \/>\nFrancisco Montoya Carre\u00f3n, 22 a\u00f1os, Prolongaci\u00f3n Reforma 37.<br \/>\nHoracio Pachecano Gonz\u00e1lez, 22 a\u00f1os, del barrio de San Antonio.<br \/>\nFernando Torres Dom\u00ednguez, 38 a\u00f1os, Chicosein 23.<br \/>\nPedro Espinoza, 31 a\u00f1os, colonia Guadalupe.<br \/>\nJos\u00e9 Luis V\u00e1zquez, 26 a\u00f1os, vecino de la calle Francisco P. Mariel.<br \/>\nFrancisco Javier Santana L\u00f3pez, 31 a\u00f1os, Independencia 50.<br \/>\nVictoriano Casta\u00f1eda, 40 a\u00f1os, Ocampo 3B.<br \/>\nRam\u00f3n Ramos, 27 a\u00f1os, domicilio conocido en el Sauz.<br \/>\nJuan Carlos Turrubiartes, 28 a\u00f1os, del Sauz.<br \/>\nRamiro Capetillo Guill\u00e9n, 45 a\u00f1os, Ju\u00e1rez 118.<br \/>\nJuan de Dios Dimas Orozco, 40 a\u00f1os, de \u201cEl Ranchito\u201d.<\/p>\n","protected":false},"excerpt":{"rendered":"<p>Del equipo de redacci\u00f3n Por faltas meramente administrativas, el nombre de los alteradores del orden se muestra en la siguiente lista. Casi todos lograron salir en libertad luego de cumplir&#8230;<\/p>\n","protected":false},"author":1,"featured_media":0,"comment_status":"closed","ping_status":"open","sticky":false,"template":"","format":"standard","meta":{"footnotes":""},"categories":[3],"tags":[],"class_list":["post-1146","post","type-post","status-publish","format-standard","hentry","category-cerritos","entry","simple"],"_links":{"self":[{"href":"https:\/\/www.plurinominal.com.mx\/index.php?rest_route=\/wp\/v2\/posts\/1146","targetHints":{"allow":["GET"]}}],"collection":[{"href":"https:\/\/www.plurinominal.com.mx\/index.php?rest_route=\/wp\/v2\/posts"}],"about":[{"href":"https:\/\/www.plurinominal.com.mx\/index.php?rest_route=\/wp\/v2\/types\/post"}],"author":[{"embeddable":true,"href":"https:\/\/www.plurinominal.com.mx\/index.php?rest_route=\/wp\/v2\/users\/1"}],"replies":[{"embeddable":true,"href":"https:\/\/www.plurinominal.com.mx\/index.php?rest_route=%2Fwp%2Fv2%2Fcomments&post=1146"}],"version-history":[{"count":0,"href":"https:\/\/www.plurinominal.com.mx\/index.php?rest_route=\/wp\/v2\/posts\/1146\/revisions"}],"wp:attachment":[{"href":"https:\/\/www.plurinominal.com.mx\/index.php?rest_route=%2Fwp%2Fv2%2Fmedia&parent=1146"}],"wp:term":[{"taxonomy":"category","embeddable":true,"href":"https:\/\/www.plurinominal.com.mx\/index.php?rest_route=%2Fwp%2Fv2%2Fcategories&post=1146"},{"taxonomy":"post_tag","embeddable":true,"href":"https:\/\/www.plurinominal.com.mx\/index.php?rest_route=%2Fwp%2Fv2%2Ftags&post=1146"}],"curies":[{"name":"wp","href":"https:\/\/api.w.org\/{rel}","templated":true}]}}