{"id":1148,"date":"2011-12-08T16:20:59","date_gmt":"2011-12-08T22:20:59","guid":{"rendered":"http:\/\/www.plurinominal.com.mx\/?p=1148"},"modified":"2012-01-02T16:21:24","modified_gmt":"2012-01-02T22:21:24","slug":"maldosos-abrieron-vivienda-en-la-colonia-aurora","status":"publish","type":"post","link":"https:\/\/www.plurinominal.com.mx\/?p=1148","title":{"rendered":"Maldosos abrieron vivienda en la colonia Aurora"},"content":{"rendered":"<p>Del equipo de redacci\u00f3n<br \/>\nMaldosos abrieron una vivienda ubicada sobre la colonia Aurora, del municipio de Cerritos, aunque la encargada no report\u00f3 de entrada el faltante de objetos.<br \/>\nEste domingo 4 de diciembre, acudi\u00f3 ante los polic\u00edas municipales quien dijo tener por nombre Luc\u00eda Perales Banda, de 42 a\u00f1os de edad de la arteria P\u00edpila 2.<br \/>\nElla explic\u00f3 al encargado de tomar los reportes que le abrieron una vivienda sobre la calle Fresnos 31, en la colonia Aurora, de la que al parecer est\u00e1 al pendiente.<br \/>\nDe entrada el oficial s\u00f3lo se limit\u00f3 a levantar un acta sobre el conocimiento de hechos, porque la mujer indic\u00f3 que apenas har\u00eda el inventario de los objetos all\u00ed contenidos.<\/p>\n","protected":false},"excerpt":{"rendered":"<p>Del equipo de redacci\u00f3n Maldosos abrieron una vivienda ubicada sobre la colonia Aurora, del municipio de Cerritos, aunque la encargada no report\u00f3 de entrada el faltante de objetos. Este domingo&#8230;<\/p>\n","protected":false},"author":1,"featured_media":0,"comment_status":"closed","ping_status":"open","sticky":false,"template":"","format":"standard","meta":{"footnotes":""},"categories":[3],"tags":[],"class_list":["post-1148","post","type-post","status-publish","format-standard","hentry","category-cerritos","entry","simple"],"_links":{"self":[{"href":"https:\/\/www.plurinominal.com.mx\/index.php?rest_route=\/wp\/v2\/posts\/1148","targetHints":{"allow":["GET"]}}],"collection":[{"href":"https:\/\/www.plurinominal.com.mx\/index.php?rest_route=\/wp\/v2\/posts"}],"about":[{"href":"https:\/\/www.plurinominal.com.mx\/index.php?rest_route=\/wp\/v2\/types\/post"}],"author":[{"embeddable":true,"href":"https:\/\/www.plurinominal.com.mx\/index.php?rest_route=\/wp\/v2\/users\/1"}],"replies":[{"embeddable":true,"href":"https:\/\/www.plurinominal.com.mx\/index.php?rest_route=%2Fwp%2Fv2%2Fcomments&post=1148"}],"version-history":[{"count":0,"href":"https:\/\/www.plurinominal.com.mx\/index.php?rest_route=\/wp\/v2\/posts\/1148\/revisions"}],"wp:attachment":[{"href":"https:\/\/www.plurinominal.com.mx\/index.php?rest_route=%2Fwp%2Fv2%2Fmedia&parent=1148"}],"wp:term":[{"taxonomy":"category","embeddable":true,"href":"https:\/\/www.plurinominal.com.mx\/index.php?rest_route=%2Fwp%2Fv2%2Fcategories&post=1148"},{"taxonomy":"post_tag","embeddable":true,"href":"https:\/\/www.plurinominal.com.mx\/index.php?rest_route=%2Fwp%2Fv2%2Ftags&post=1148"}],"curies":[{"name":"wp","href":"https:\/\/api.w.org\/{rel}","templated":true}]}}