{"id":115,"date":"2011-10-19T01:28:47","date_gmt":"2011-10-19T01:28:47","guid":{"rendered":"http:\/\/www.plurinominal.com.mx\/?p=115"},"modified":"2011-11-05T01:29:21","modified_gmt":"2011-11-05T01:29:21","slug":"arguello-inerte","status":"publish","type":"post","link":"https:\/\/www.plurinominal.com.mx\/?p=115","title":{"rendered":"Arg\u00fcello, inerte"},"content":{"rendered":"<p>No se ha pronunciado a favor de ning\u00fan posible \u201cpre candidato\u201d<\/p>\n<p>Marco Serna<br \/>\nMart\u00edn Arg\u00fcello, \u2014mejor conocido como \u201cEl Ranchero\u201d\u2014 no se ha pronunciado en favor de ning\u00fan futuro \u201cpre candidato\u201d.<br \/>\nLuego de militar por cierto tiempo en el Partido de la Revoluci\u00f3n Democr\u00e1tica, por sus siglas PRD, y ser una popular figura pol\u00edtica dentro del \u00e1mbito local, hasta ahora Arg\u00fcello tampoco se ha inclinado a favor de alg\u00fan partido, ni ha dicho tampoco si seguir\u00e1 dentro del \u201camarillo\u201d.<br \/>\nEn charla sostenida con personal de este medio, \u2014quien fungiera como candidato a una diputaci\u00f3n\u2014, sobre el panorama actual, reconoce que ante \u00e9l han acudido personas a denunciar hechos con los que no est\u00e1 de acuerdo, los que se han cometido aprovechando el \u201cinfluyentismo\u201d.<br \/>\nSe\u00f1al\u00f3 que los quejosos le han proporcionado nombres de quienes se hacen pasar por \u201cabogados\u201d, de este modo arreglan escrituras y problemas relacionados con predios.<br \/>\nRelat\u00f3 el caso de una persona que confiando en otra \u2014que parece tener relaci\u00f3n con las autoridades\u2014, le brind\u00f3 una cantidad en efectivo, pero la suma no se destin\u00f3 hacia el fin correcto.<br \/>\nLuego de que recomend\u00f3 al afectado, se dirigiera ante los funcionarios de primer nivel a expresar la queja, pudo recobrar la cantidad.<br \/>\nYa con anterioridad, Mart\u00edn Arg\u00fcello hab\u00eda expresado su particular punto de vista en relaci\u00f3n a parte de la problem\u00e1tica actual que se vive entre los integrantes del ayuntamiento, sin embargo en esa ocasi\u00f3n fue duramente criticado por Carlos Rodr\u00edguez Carbajal, quien ahora parece darle la raz\u00f3n al Ranchero.<br \/>\nCarbajal fue uno de los principales impulsores de las campa\u00f1as del actual partido en el poder \u2014PT y Convergencia\u2014, pero es curioso que ahora, ambos personajes \u2014quienes tambi\u00e9n formaron parte importante dentro del PRD\u2014 todav\u00eda no se hayan pronunciado en favor de alg\u00fan partido.<br \/>\nPlurinominal s\u00f3lo intentaba una pl\u00e1tica \u201coff the record\u201d sobre la situaci\u00f3n actual, pero Mart\u00edn dijo, \u201ctu detalle es esto, no hay problema\u201d. <\/p>\n","protected":false},"excerpt":{"rendered":"<p>No se ha pronunciado a favor de ning\u00fan posible \u201cpre candidato\u201d Marco Serna Mart\u00edn Arg\u00fcello, \u2014mejor conocido como \u201cEl Ranchero\u201d\u2014 no se ha pronunciado en favor de ning\u00fan futuro \u201cpre&#8230;<\/p>\n","protected":false},"author":1,"featured_media":0,"comment_status":"closed","ping_status":"open","sticky":false,"template":"","format":"standard","meta":{"footnotes":""},"categories":[3],"tags":[61,36,60],"class_list":["post-115","post","type-post","status-publish","format-standard","hentry","category-cerritos","tag-martin-arguello","tag-prd","tag-ranchero","entry","simple"],"_links":{"self":[{"href":"https:\/\/www.plurinominal.com.mx\/index.php?rest_route=\/wp\/v2\/posts\/115","targetHints":{"allow":["GET"]}}],"collection":[{"href":"https:\/\/www.plurinominal.com.mx\/index.php?rest_route=\/wp\/v2\/posts"}],"about":[{"href":"https:\/\/www.plurinominal.com.mx\/index.php?rest_route=\/wp\/v2\/types\/post"}],"author":[{"embeddable":true,"href":"https:\/\/www.plurinominal.com.mx\/index.php?rest_route=\/wp\/v2\/users\/1"}],"replies":[{"embeddable":true,"href":"https:\/\/www.plurinominal.com.mx\/index.php?rest_route=%2Fwp%2Fv2%2Fcomments&post=115"}],"version-history":[{"count":0,"href":"https:\/\/www.plurinominal.com.mx\/index.php?rest_route=\/wp\/v2\/posts\/115\/revisions"}],"wp:attachment":[{"href":"https:\/\/www.plurinominal.com.mx\/index.php?rest_route=%2Fwp%2Fv2%2Fmedia&parent=115"}],"wp:term":[{"taxonomy":"category","embeddable":true,"href":"https:\/\/www.plurinominal.com.mx\/index.php?rest_route=%2Fwp%2Fv2%2Fcategories&post=115"},{"taxonomy":"post_tag","embeddable":true,"href":"https:\/\/www.plurinominal.com.mx\/index.php?rest_route=%2Fwp%2Fv2%2Ftags&post=115"}],"curies":[{"name":"wp","href":"https:\/\/api.w.org\/{rel}","templated":true}]}}