{"id":1152,"date":"2011-12-06T16:22:20","date_gmt":"2011-12-06T22:22:20","guid":{"rendered":"http:\/\/www.plurinominal.com.mx\/?p=1152"},"modified":"2012-01-02T16:23:15","modified_gmt":"2012-01-02T22:23:15","slug":"buscaban-a-vecino-de-la-colonia-agricola","status":"publish","type":"post","link":"https:\/\/www.plurinominal.com.mx\/?p=1152","title":{"rendered":"Buscaban a vecino de la Colonia Agr\u00edcola"},"content":{"rendered":"<p>Del equipo de redacci\u00f3n<br \/>\nVecino de la Colonia Agr\u00edcola fue reportado como desaparecido la ma\u00f1ana de este lunes 5 de diciembre.<br \/>\nAcudi\u00f3 a solicitar ayuda en la comandancia Elvira Ruiz Z\u00fa\u00f1iga, de 24 a\u00f1os, quien dijo tener su domicilio conocido en ese lugar.<br \/>\nLa mujer que vive en el mismo sitio que el \u201cperdido\u201d, se\u00f1al\u00f3 que desde un d\u00eda antes, No\u00e9 Ortiz Mart\u00ednez sali\u00f3 de la comunidad citada. Hasta el momento del reporte se desconoc\u00eda su paradero.<br \/>\nManifest\u00f3 que su pariente, viajaba a bordo de una camioneta con placas del estado, la cual se identifica por tener una franja gris.<br \/>\nVest\u00eda pantal\u00f3n azul de mezclilla, tenis negros y una playera \u201caeropostal\u201d.<br \/>\nSe le describi\u00f3 como una persona delgada \u201ccon barba de candado\u201d.<br \/>\nSe desconoce si al t\u00e9rmino de este trabajo, se logr\u00f3 localizar al hombre.<\/p>\n","protected":false},"excerpt":{"rendered":"<p>Del equipo de redacci\u00f3n Vecino de la Colonia Agr\u00edcola fue reportado como desaparecido la ma\u00f1ana de este lunes 5 de diciembre. Acudi\u00f3 a solicitar ayuda en la comandancia Elvira Ruiz&#8230;<\/p>\n","protected":false},"author":1,"featured_media":0,"comment_status":"closed","ping_status":"open","sticky":false,"template":"","format":"standard","meta":{"footnotes":""},"categories":[6],"tags":[],"class_list":["post-1152","post","type-post","status-publish","format-standard","hentry","category-guadalcazar","entry","simple"],"_links":{"self":[{"href":"https:\/\/www.plurinominal.com.mx\/index.php?rest_route=\/wp\/v2\/posts\/1152","targetHints":{"allow":["GET"]}}],"collection":[{"href":"https:\/\/www.plurinominal.com.mx\/index.php?rest_route=\/wp\/v2\/posts"}],"about":[{"href":"https:\/\/www.plurinominal.com.mx\/index.php?rest_route=\/wp\/v2\/types\/post"}],"author":[{"embeddable":true,"href":"https:\/\/www.plurinominal.com.mx\/index.php?rest_route=\/wp\/v2\/users\/1"}],"replies":[{"embeddable":true,"href":"https:\/\/www.plurinominal.com.mx\/index.php?rest_route=%2Fwp%2Fv2%2Fcomments&post=1152"}],"version-history":[{"count":0,"href":"https:\/\/www.plurinominal.com.mx\/index.php?rest_route=\/wp\/v2\/posts\/1152\/revisions"}],"wp:attachment":[{"href":"https:\/\/www.plurinominal.com.mx\/index.php?rest_route=%2Fwp%2Fv2%2Fmedia&parent=1152"}],"wp:term":[{"taxonomy":"category","embeddable":true,"href":"https:\/\/www.plurinominal.com.mx\/index.php?rest_route=%2Fwp%2Fv2%2Fcategories&post=1152"},{"taxonomy":"post_tag","embeddable":true,"href":"https:\/\/www.plurinominal.com.mx\/index.php?rest_route=%2Fwp%2Fv2%2Ftags&post=1152"}],"curies":[{"name":"wp","href":"https:\/\/api.w.org\/{rel}","templated":true}]}}