{"id":11538,"date":"2018-06-11T17:25:24","date_gmt":"2018-06-11T22:25:24","guid":{"rendered":"http:\/\/www.plurinominal.com.mx\/?p=11538"},"modified":"2018-06-11T17:25:24","modified_gmt":"2018-06-11T22:25:24","slug":"vota-ejerce-tu-derecho-y-elije-con-responsabilidad","status":"publish","type":"post","link":"https:\/\/www.plurinominal.com.mx\/?p=11538","title":{"rendered":"\u201cVota, ejerce tu derecho y elije con responsabilidad\u201d"},"content":{"rendered":"<ul>\n<li class=\"western\">Comit\u00e9 Municipal Electoral promueve el voto ciudadano<\/li>\n<\/ul>\n<p class=\"western\" style=\"text-align: justify;\"><strong><span style=\"font-size: 10pt; font-family: 'trebuchet ms', geneva, sans-serif;\">Por SAGRARIO SERNA.<\/span><\/strong>&#8211;&nbsp;El Ingeniero Valent\u00edn Guti\u00e9rrez Dom\u00ednguez, Consejero Presidente del Comit\u00e9 Municipal Electoral de Cerritos, hizo un llamado a la poblaci\u00f3n, a que todos acudamos a votar el pr\u00f3ximo primero de julio.<\/p>\n<p class=\"western\" style=\"text-align: justify;\">A trav\u00e9s de un bolet\u00edn de prensa, cuya finalidad es la promoci\u00f3n del voto ciudadano, explic\u00f3 que \u00abla democracia es un ejercicio que no funciona si s\u00f3lo unos cuantos se comprometen con ella\u00bb, por eso \u00abtodos tenemos que contribuir con nuestra parte para que sea una efectiva forma de gobierno\u00bb.<\/p>\n<p class=\"western\" style=\"text-align: justify;\">El documento agrega que \u00abel Consejo Estatal Electoral y de Participaci\u00f3n Ciudadana, as\u00ed como el Comit\u00e9 Municipal Electoral de Cerritos, exhortan a todo el p\u00fablico para hacer valer su derecho a votar, en el proceso de elecci\u00f3n correspondiente al H. Ayuntamiento de Cerritos, el cual se llevar\u00e1 a cabo el pr\u00f3ximo domingo 1 de julio del presente a\u00f1o.<\/p>\n<p class=\"western\" style=\"text-align: justify;\"><a name=\"_GoBack\"><\/a>Valent\u00edn Guti\u00e9rrez hizo un llamado a la poblaci\u00f3n, al expresar que \u00abmediante el voto t\u00fa puedes elegir a las personas que te representar\u00e1n de manera pol\u00edtica durante 3 a\u00f1os, es por ello que este pr\u00f3ximo primero de julio debes de acudir a las urnas electorales y votar con responsabilidad. Vota libremente por la candidatura de tu elecci\u00f3n\u00bb, finaliz\u00f3.<\/p>\n","protected":false},"excerpt":{"rendered":"<p>Comit\u00e9 Municipal Electoral promueve el voto ciudadano Por SAGRARIO SERNA.&#8211;&nbsp;El Ingeniero Valent\u00edn Guti\u00e9rrez Dom\u00ednguez, Consejero Presidente del Comit\u00e9 Municipal Electoral de Cerritos, hizo un llamado a la poblaci\u00f3n, a que&#8230;<\/p>\n","protected":false},"author":1,"featured_media":11539,"comment_status":"closed","ping_status":"open","sticky":false,"template":"","format":"standard","meta":{"footnotes":""},"categories":[483,486],"tags":[],"class_list":["post-11538","post","type-post","status-publish","format-standard","has-post-thumbnail","hentry","category-cultura","category-educacion","entry","simple"],"_links":{"self":[{"href":"https:\/\/www.plurinominal.com.mx\/index.php?rest_route=\/wp\/v2\/posts\/11538","targetHints":{"allow":["GET"]}}],"collection":[{"href":"https:\/\/www.plurinominal.com.mx\/index.php?rest_route=\/wp\/v2\/posts"}],"about":[{"href":"https:\/\/www.plurinominal.com.mx\/index.php?rest_route=\/wp\/v2\/types\/post"}],"author":[{"embeddable":true,"href":"https:\/\/www.plurinominal.com.mx\/index.php?rest_route=\/wp\/v2\/users\/1"}],"replies":[{"embeddable":true,"href":"https:\/\/www.plurinominal.com.mx\/index.php?rest_route=%2Fwp%2Fv2%2Fcomments&post=11538"}],"version-history":[{"count":0,"href":"https:\/\/www.plurinominal.com.mx\/index.php?rest_route=\/wp\/v2\/posts\/11538\/revisions"}],"wp:featuredmedia":[{"embeddable":true,"href":"https:\/\/www.plurinominal.com.mx\/index.php?rest_route=\/wp\/v2\/media\/11539"}],"wp:attachment":[{"href":"https:\/\/www.plurinominal.com.mx\/index.php?rest_route=%2Fwp%2Fv2%2Fmedia&parent=11538"}],"wp:term":[{"taxonomy":"category","embeddable":true,"href":"https:\/\/www.plurinominal.com.mx\/index.php?rest_route=%2Fwp%2Fv2%2Fcategories&post=11538"},{"taxonomy":"post_tag","embeddable":true,"href":"https:\/\/www.plurinominal.com.mx\/index.php?rest_route=%2Fwp%2Fv2%2Ftags&post=11538"}],"curies":[{"name":"wp","href":"https:\/\/api.w.org\/{rel}","templated":true}]}}