{"id":1154,"date":"2011-12-05T16:24:05","date_gmt":"2011-12-05T22:24:05","guid":{"rendered":"http:\/\/www.plurinominal.com.mx\/?p=1154"},"modified":"2012-01-02T16:24:54","modified_gmt":"2012-01-02T22:24:54","slug":"toma-protesta-jorge-quintero-como-dirigente-municipal-de-la-cnop","status":"publish","type":"post","link":"https:\/\/www.plurinominal.com.mx\/?p=1154","title":{"rendered":"Toma protesta Jorge Quintero como dirigente municipal de la CNOP"},"content":{"rendered":"<p>Corresponsales<br \/>\nEste 3 de Diciembre en las oficinas del Partido Revolucionario Institucional se dieron cita militantes y simpatizantes  para ser testigos de la toma de protesta del Profesor Jorge Quintero Lu\u00e9vano  como nuevo dirigente municipal de la Confederaci\u00f3n Nacional de Organizaciones Populares (CNOP).<br \/>\nEn el acto, se cont\u00f3 con la presencia de Jos\u00e9 Edgar Dur\u00f3n Puente \u2014Dirigente Estatal de dicha organizaci\u00f3n\u2014.<br \/>\nDespu\u00e9s de realizar la asamblea que fue presidida por el profesor Eugenio Quintero de procesos internos y habiendo Qu\u00f3rum legal se dio validez a la realizaci\u00f3n del acto.<br \/>\nEn su mensaje como nuevo dirigente, Jorge Quintero Lu\u00e9vano manifest\u00f3 su disposici\u00f3n para sacar adelante su nueva encomienda.<br \/>\nAsegur\u00f3 que trabajar\u00e1 intensamente y en conjunto con los diferentes sectores de la sociedad cerritense para incorporar a m\u00e1s miembros a la organizaci\u00f3n que hoy preside, como lo son los profesionistas independientes, servidores p\u00fablicos, comerciantes y taxistas, entre otros.  <\/p>\n<p>Celebr\u00f3 su cumplea\u00f1os<\/p>\n<p>Despu\u00e9s de tomar protesta como dirigente municipal de la CNOP, el profesor Jorge Quintero y familia se trasladaron al lugar conocido como \u201cHacienda Almaz\u00e1n\u201d. All\u00ed se ofreci\u00f3 una comida por motivo de su onom\u00e1stico.<br \/>\nFue notable la convocatoria que obtuvo durante este evento, donde se vio a numerosa gente de la cabecera, comunidades y otros municipios del estado que se trasladaron exclusivamente a desearle feliz cumplea\u00f1os al Maestro.<br \/>\nEn su mensaje de agradecimiento el Profesor primeramente reconoci\u00f3 a su familia y amistades por el apoyo brindado para la realizaci\u00f3n del evento; asimismo agradeci\u00f3 el tiempo que se dieron los asistentes para compartir con \u00e9l esta fecha especial.<\/p>\n","protected":false},"excerpt":{"rendered":"<p>Corresponsales Este 3 de Diciembre en las oficinas del Partido Revolucionario Institucional se dieron cita militantes y simpatizantes para ser testigos de la toma de protesta del Profesor Jorge Quintero&#8230;<\/p>\n","protected":false},"author":1,"featured_media":0,"comment_status":"closed","ping_status":"open","sticky":false,"template":"","format":"standard","meta":{"footnotes":""},"categories":[3],"tags":[],"class_list":["post-1154","post","type-post","status-publish","format-standard","hentry","category-cerritos","entry","simple"],"_links":{"self":[{"href":"https:\/\/www.plurinominal.com.mx\/index.php?rest_route=\/wp\/v2\/posts\/1154","targetHints":{"allow":["GET"]}}],"collection":[{"href":"https:\/\/www.plurinominal.com.mx\/index.php?rest_route=\/wp\/v2\/posts"}],"about":[{"href":"https:\/\/www.plurinominal.com.mx\/index.php?rest_route=\/wp\/v2\/types\/post"}],"author":[{"embeddable":true,"href":"https:\/\/www.plurinominal.com.mx\/index.php?rest_route=\/wp\/v2\/users\/1"}],"replies":[{"embeddable":true,"href":"https:\/\/www.plurinominal.com.mx\/index.php?rest_route=%2Fwp%2Fv2%2Fcomments&post=1154"}],"version-history":[{"count":0,"href":"https:\/\/www.plurinominal.com.mx\/index.php?rest_route=\/wp\/v2\/posts\/1154\/revisions"}],"wp:attachment":[{"href":"https:\/\/www.plurinominal.com.mx\/index.php?rest_route=%2Fwp%2Fv2%2Fmedia&parent=1154"}],"wp:term":[{"taxonomy":"category","embeddable":true,"href":"https:\/\/www.plurinominal.com.mx\/index.php?rest_route=%2Fwp%2Fv2%2Fcategories&post=1154"},{"taxonomy":"post_tag","embeddable":true,"href":"https:\/\/www.plurinominal.com.mx\/index.php?rest_route=%2Fwp%2Fv2%2Ftags&post=1154"}],"curies":[{"name":"wp","href":"https:\/\/api.w.org\/{rel}","templated":true}]}}