{"id":1163,"date":"2011-12-12T16:32:38","date_gmt":"2011-12-12T22:32:38","guid":{"rendered":"http:\/\/www.plurinominal.com.mx\/?p=1163"},"modified":"2012-01-02T16:33:15","modified_gmt":"2012-01-02T22:33:15","slug":"aminoran-desabasto-de-agua-potable-en-san-vicente-de-la-cruz","status":"publish","type":"post","link":"https:\/\/www.plurinominal.com.mx\/?p=1163","title":{"rendered":"Aminoran desabasto de agua potable en San Vicente de la Cruz"},"content":{"rendered":"<p>To\u00f1o R.<br \/>\nPara atender una de las comunidades de Villa Ju\u00e1rez m\u00e1s alejada, el gobierno de Jes\u00fas Ruiz ha decidido aminorar el desabasto de agua potable que se sufre en esa localidad.<br \/>\nA petici\u00f3n de los propios vecinos de San Vicente de la Cruz, se determin\u00f3 construir una red de distribuci\u00f3n de l\u00edquido vital.<br \/>\nEs sobre una superficie de 250 metros lineales que se observan los trabajos, con lo que se espera se beneficien cerca de 20 familias.<br \/>\nDe acuerdo a datos proporcionados por trabajadores de la presidencia municipal, los solicitantes contar\u00e1n con tomas domiciliarias de agua potable, con lo que se mejorar\u00e1 su calidad de vida.<br \/>\nLos vecinos de San Vicente, declararon que \u00e9sta hab\u00eda sido siempre una de las necesidades m\u00e1s apremiante por la que hab\u00edan sufrido y agradecieron al gobierno haber atendido el llamado.<\/p>\n","protected":false},"excerpt":{"rendered":"<p>To\u00f1o R. Para atender una de las comunidades de Villa Ju\u00e1rez m\u00e1s alejada, el gobierno de Jes\u00fas Ruiz ha decidido aminorar el desabasto de agua potable que se sufre en&#8230;<\/p>\n","protected":false},"author":1,"featured_media":0,"comment_status":"closed","ping_status":"open","sticky":false,"template":"","format":"standard","meta":{"footnotes":""},"categories":[4],"tags":[],"class_list":["post-1163","post","type-post","status-publish","format-standard","hentry","category-villa-juarez","entry","simple"],"_links":{"self":[{"href":"https:\/\/www.plurinominal.com.mx\/index.php?rest_route=\/wp\/v2\/posts\/1163","targetHints":{"allow":["GET"]}}],"collection":[{"href":"https:\/\/www.plurinominal.com.mx\/index.php?rest_route=\/wp\/v2\/posts"}],"about":[{"href":"https:\/\/www.plurinominal.com.mx\/index.php?rest_route=\/wp\/v2\/types\/post"}],"author":[{"embeddable":true,"href":"https:\/\/www.plurinominal.com.mx\/index.php?rest_route=\/wp\/v2\/users\/1"}],"replies":[{"embeddable":true,"href":"https:\/\/www.plurinominal.com.mx\/index.php?rest_route=%2Fwp%2Fv2%2Fcomments&post=1163"}],"version-history":[{"count":0,"href":"https:\/\/www.plurinominal.com.mx\/index.php?rest_route=\/wp\/v2\/posts\/1163\/revisions"}],"wp:attachment":[{"href":"https:\/\/www.plurinominal.com.mx\/index.php?rest_route=%2Fwp%2Fv2%2Fmedia&parent=1163"}],"wp:term":[{"taxonomy":"category","embeddable":true,"href":"https:\/\/www.plurinominal.com.mx\/index.php?rest_route=%2Fwp%2Fv2%2Fcategories&post=1163"},{"taxonomy":"post_tag","embeddable":true,"href":"https:\/\/www.plurinominal.com.mx\/index.php?rest_route=%2Fwp%2Fv2%2Ftags&post=1163"}],"curies":[{"name":"wp","href":"https:\/\/api.w.org\/{rel}","templated":true}]}}