{"id":1165,"date":"2011-12-13T16:34:25","date_gmt":"2011-12-13T22:34:25","guid":{"rendered":"http:\/\/www.plurinominal.com.mx\/?p=1165"},"modified":"2012-01-02T16:34:47","modified_gmt":"2012-01-02T22:34:47","slug":"contemplan-pavimentacion-de-la-calle-20-de-noviembre-en-granjenal","status":"publish","type":"post","link":"https:\/\/www.plurinominal.com.mx\/?p=1165","title":{"rendered":"Contemplan pavimentaci\u00f3n de la calle 20 de Noviembre en Granjenal"},"content":{"rendered":"<p>Marco Serna<br \/>\nGobierno Municipal de Villa Ju\u00e1rez, contempla la pavimentaci\u00f3n de la calle 20 de Noviembre en la comunidad de Granjenal, la cual comenzar\u00e1 desde la plaza principal y se extender\u00e1 hasta el crucero con el camino que conduce a Ojo de Agua.<br \/>\nA trav\u00e9s de un comunicado de prensa, se explic\u00f3 que \u201cesta es una obra refrendada que deber\u00e1 estar construida antes del 31 de marzo del 2012, gracias a la capacidad de gesti\u00f3n del presidente municipal Jes\u00fas Ruiz Castillo, al bajar este tipo de acciones\u201d.<br \/>\nSe agrega en el documento que \u201cpara licitar el proyecto, ya se realiz\u00f3 la publicaci\u00f3n con las bases. Lo anterior a fin de que las constructoras interesadas presenten sus propuestas. Posteriormente se contratar\u00e1 a quien ofrezca mayores beneficios para esa comunidad perteneciente a Villa Ju\u00e1rez\u201d.<br \/>\nSe ha informado por parte de presidencia municipal, que \u201cse dar\u00e1 prioridad a quien brinde menores costos y mayor calidad en cuanto a la construcci\u00f3n, as\u00ed como a la empresa que d\u00e9 garant\u00edas de efectuar una obra perdurable\u201d.<br \/>\nLa pavimentaci\u00f3n de esta calle ser\u00e1 posterior a la rehabilitaci\u00f3n de tuber\u00edas de agua potable.<br \/>\n\u201cCon esto se evitar\u00e1 realizar trabajos innecesarios si se efectuara a la inversa, ya que no ser\u00e1 necesario en un futuro tener que romper el concreto para cambiar la tuber\u00eda\u201d.<br \/>\nLa primera semana de enero se tiene contemplado el inicio de la pavimentaci\u00f3n de esta calle que sirve  de acceso a los habitantes de Ojo de Agua, \u2014lugar que pertenece a Cerritos\u2014 quienes tambi\u00e9n se ver\u00e1n beneficiados.<\/p>\n<p>Rehabilitan red de agua potable<\/p>\n<p>Fue a partir del 7 de diciembre que se iniciaron los trabajos para rehabilitar la red de agua potable en esa comunidad.<br \/>\nLos vecinos de Granjenal, primero explicaron a las autoridades la necesidad con la que se contaba de tener un suministro constante del vital l\u00edquido.<br \/>\nSe aclar\u00f3 que \u201cesta es una etapa a nivel municipal\u201d.<br \/>\nPosteriormente la Secretaria de Hacienda y Cr\u00e9dito P\u00fablico liberar\u00e1 el recurso para el proyecto total.<\/p>\n","protected":false},"excerpt":{"rendered":"<p>Marco Serna Gobierno Municipal de Villa Ju\u00e1rez, contempla la pavimentaci\u00f3n de la calle 20 de Noviembre en la comunidad de Granjenal, la cual comenzar\u00e1 desde la plaza principal y se&#8230;<\/p>\n","protected":false},"author":1,"featured_media":0,"comment_status":"closed","ping_status":"open","sticky":false,"template":"","format":"standard","meta":{"footnotes":""},"categories":[4],"tags":[],"class_list":["post-1165","post","type-post","status-publish","format-standard","hentry","category-villa-juarez","entry","simple"],"_links":{"self":[{"href":"https:\/\/www.plurinominal.com.mx\/index.php?rest_route=\/wp\/v2\/posts\/1165","targetHints":{"allow":["GET"]}}],"collection":[{"href":"https:\/\/www.plurinominal.com.mx\/index.php?rest_route=\/wp\/v2\/posts"}],"about":[{"href":"https:\/\/www.plurinominal.com.mx\/index.php?rest_route=\/wp\/v2\/types\/post"}],"author":[{"embeddable":true,"href":"https:\/\/www.plurinominal.com.mx\/index.php?rest_route=\/wp\/v2\/users\/1"}],"replies":[{"embeddable":true,"href":"https:\/\/www.plurinominal.com.mx\/index.php?rest_route=%2Fwp%2Fv2%2Fcomments&post=1165"}],"version-history":[{"count":0,"href":"https:\/\/www.plurinominal.com.mx\/index.php?rest_route=\/wp\/v2\/posts\/1165\/revisions"}],"wp:attachment":[{"href":"https:\/\/www.plurinominal.com.mx\/index.php?rest_route=%2Fwp%2Fv2%2Fmedia&parent=1165"}],"wp:term":[{"taxonomy":"category","embeddable":true,"href":"https:\/\/www.plurinominal.com.mx\/index.php?rest_route=%2Fwp%2Fv2%2Fcategories&post=1165"},{"taxonomy":"post_tag","embeddable":true,"href":"https:\/\/www.plurinominal.com.mx\/index.php?rest_route=%2Fwp%2Fv2%2Ftags&post=1165"}],"curies":[{"name":"wp","href":"https:\/\/api.w.org\/{rel}","templated":true}]}}