{"id":11708,"date":"2018-06-07T12:36:48","date_gmt":"2018-06-07T17:36:48","guid":{"rendered":"http:\/\/www.plurinominal.com.mx\/?p=11708"},"modified":"2018-06-19T12:44:37","modified_gmt":"2018-06-19T17:44:37","slug":"activan-protocolos-institucionales-por-acoso-estudiantil","status":"publish","type":"post","link":"https:\/\/www.plurinominal.com.mx\/?p=11708","title":{"rendered":"Activan protocolos institucionales por \u201cacoso estudiantil\u201d"},"content":{"rendered":"<ul>\n<li class=\"western\" style=\"text-align: justify;\">CBTA 123 iniciar\u00e1 proceso administrativo contra profesor involucrado<\/li>\n<\/ul>\n<p class=\"western\" style=\"text-align: justify;\"><strong><span style=\"font-size: 10pt; font-family: 'trebuchet ms', geneva, sans-serif;\">CON DATOS DE FRANCISCO VALERO.- <\/span><\/strong>Personal docente del Centro de Bachillerato Tecnol\u00f3gico Agropecuario n\u00famero 123, revel\u00f3 a Plurinominal que ante el caso de acoso estudiantil, el director de la instituci\u00f3n activ\u00f3 los protocolos institucionales con el fin de brindar seguridad a la integridad de las alumnas y alumnos.<\/p>\n<p class=\"western\" style=\"text-align: justify;\">Al profesor involucrado se le iniciar\u00e1 un proceso administrativo. Extraoficialmente saben que el pr\u00f3ximo lunes el sospechoso est\u00e1 llamado a la direcci\u00f3n de la escuela donde se le levantar\u00e1 un acta administrativa por los hechos ocurridos.<\/p>\n<p class=\"western\" style=\"text-align: justify;\">El personal acad\u00e9mico del CBTA es el principal interesado en que se aclare la situaci\u00f3n. El asunto perjudica a todo el personal, por eso algunos docentes urgieron al director a tomar medidas.<\/p>\n<p class=\"western\" style=\"text-align: justify;\">Que uno de los problemas que enfrenta la instituci\u00f3n es con respecto a la investigaci\u00f3n que se est\u00e1 llevando a cabo. Se explica que no han encontrado elementos suficientes para sancionar la supuesta conducta del docente.<\/p>\n<p class=\"western\" style=\"text-align: justify;\">Por su parte, Plurinominal levant\u00f3 declaraci\u00f3n del padre de la ofendida, quien proporcion\u00f3 pruebas, sin embargo no quiso que su nombre fuese revelado por la prensa, entonces Plurinominal opt\u00f3 por tampoco revelar la imagen del acusado ni el n\u00famero, nombre ni n\u00famero telef\u00f3nico, dado que por un caso as\u00ed podr\u00edan despedirlo del trabajo. Sin embargo se dej\u00f3 el camino listo para que la escuela activara sus alarmas.<\/p>\n<p class=\"western\" style=\"text-align: justify;\">Hasta ahora los alumnos entrevistados han negado que les hayan ocurrido situaciones parecidas a la que denunci\u00f3 una alumna ante sus padres. Sin embargo en las redes sociales los comentarios tienen otro sentido.<\/p>\n<p class=\"western\" style=\"text-align: justify;\">El director ha manejado con sigilo el caso. Hasta ahora no ha revelado el nombre del maestro al cual le iniciar\u00e1n el proceso administrativo, pero los dem\u00e1s estuvieron de acuerdo en que deben externar el nombre del maestro, ya que con eso se liberar\u00eda de culpa a los dem\u00e1s maestros.<\/p>\n<p class=\"western\" style=\"text-align: justify;\">Por otro lado la Secretar\u00eda de Educaci\u00f3n P\u00fablica del Gobierno del Estado habr\u00e1 de llevar a cabo su propia indagatoria sobre los hechos. De encontrar alguna responsabilidad suponen que se aplicar\u00edan las sanciones jur\u00eddicas correspondientes.<\/p>\n<p class=\"western\" style=\"text-align: justify;\">El personal del CBTA est\u00e1 obligado a salvaguardar la integridad de las alumnas y alumnos, en ese sentido los padres de familia deben tener confianza en la instituci\u00f3n.<\/p>\n<p class=\"western\" style=\"text-align: justify;\">Los profesores que hablaron con Plurinominal solicitaron que no mencion\u00e1ramos sus generales, pues de lo contrario podr\u00edan quedar sujetos a represalias.<\/p>\n","protected":false},"excerpt":{"rendered":"<p>CBTA 123 iniciar\u00e1 proceso administrativo contra profesor involucrado CON DATOS DE FRANCISCO VALERO.- Personal docente del Centro de Bachillerato Tecnol\u00f3gico Agropecuario n\u00famero 123, revel\u00f3 a Plurinominal que ante el caso&#8230;<\/p>\n","protected":false},"author":1,"featured_media":11709,"comment_status":"closed","ping_status":"open","sticky":false,"template":"","format":"standard","meta":{"footnotes":""},"categories":[486,465],"tags":[],"class_list":["post-11708","post","type-post","status-publish","format-standard","has-post-thumbnail","hentry","category-educacion","category-policia-2","entry","simple"],"_links":{"self":[{"href":"https:\/\/www.plurinominal.com.mx\/index.php?rest_route=\/wp\/v2\/posts\/11708","targetHints":{"allow":["GET"]}}],"collection":[{"href":"https:\/\/www.plurinominal.com.mx\/index.php?rest_route=\/wp\/v2\/posts"}],"about":[{"href":"https:\/\/www.plurinominal.com.mx\/index.php?rest_route=\/wp\/v2\/types\/post"}],"author":[{"embeddable":true,"href":"https:\/\/www.plurinominal.com.mx\/index.php?rest_route=\/wp\/v2\/users\/1"}],"replies":[{"embeddable":true,"href":"https:\/\/www.plurinominal.com.mx\/index.php?rest_route=%2Fwp%2Fv2%2Fcomments&post=11708"}],"version-history":[{"count":0,"href":"https:\/\/www.plurinominal.com.mx\/index.php?rest_route=\/wp\/v2\/posts\/11708\/revisions"}],"wp:featuredmedia":[{"embeddable":true,"href":"https:\/\/www.plurinominal.com.mx\/index.php?rest_route=\/wp\/v2\/media\/11709"}],"wp:attachment":[{"href":"https:\/\/www.plurinominal.com.mx\/index.php?rest_route=%2Fwp%2Fv2%2Fmedia&parent=11708"}],"wp:term":[{"taxonomy":"category","embeddable":true,"href":"https:\/\/www.plurinominal.com.mx\/index.php?rest_route=%2Fwp%2Fv2%2Fcategories&post=11708"},{"taxonomy":"post_tag","embeddable":true,"href":"https:\/\/www.plurinominal.com.mx\/index.php?rest_route=%2Fwp%2Fv2%2Ftags&post=11708"}],"curies":[{"name":"wp","href":"https:\/\/api.w.org\/{rel}","templated":true}]}}