{"id":11724,"date":"2018-06-18T13:15:31","date_gmt":"2018-06-18T18:15:31","guid":{"rendered":"http:\/\/www.plurinominal.com.mx\/?p=11724"},"modified":"2018-06-20T19:55:17","modified_gmt":"2018-06-21T00:55:17","slug":"cuestionan-a-candidatas-durante-foro","status":"publish","type":"post","link":"https:\/\/www.plurinominal.com.mx\/?p=11724","title":{"rendered":"Cuestionan a candidatas durante foro"},"content":{"rendered":"<p><iframe loading=\"lazy\" src=\"https:\/\/www.youtube.com\/embed\/LjYZL5cTt0E\" width=\"854\" height=\"480\" frameborder=\"0\" allowfullscreen=\"allowfullscreen\"><\/iframe>&nbsp;<\/p>\n<ul>\n<li>Aspirantes a la alcald\u00eda respondieron de forma parcial a las preguntas del ejercicio que foment\u00f3 la participaci\u00f3n ciudadana<\/li>\n<\/ul>\n<p class=\"western\" style=\"text-align: justify;\">Por FRANCISCO VALERO.- El domingo 17 de junio, el grupo denominado Observatorio Ciudadano, llev\u00f3 a cabo el primer Foro Pol\u00edtico de Participaci\u00f3n Ciudadana al que denomin\u00f3 \u201cRespeto, Orden y Tolerancia\u201d que se realiz\u00f3 a las 10:30 de la ma\u00f1ana en la sala audiovisual.<\/p>\n<p class=\"western\" style=\"text-align: justify;\">El evento fue moderado por la Licenciada en Ciencias del H\u00e1bitat Sagrario Serna Campos; el Doctor Cuauht\u00e9moc Nieto Sanjuanero y el Licenciado en Psicolog\u00eda Javier Gayt\u00e1n Hern\u00e1ndez.<\/p>\n<p class=\"western\" style=\"text-align: justify;\">Tambi\u00e9n participaron el joven Christian Hern\u00e1ndez, \u00c1ngel Tovar y un grupo de voluntarios.<\/p>\n<p class=\"western\" style=\"text-align: justify;\">Entre los invitados especiales figuraron el Licenciado Ra\u00fal Reyes Tapia, el candidato a Regidor suplente \u00c1ngel Torres Flores, Jaime Castillo, la Dra. \u201cConnie\u201d, el Doctor Porfirio Turrubiartes, el Profesor V\u00edctor Gregorio Alvarado, la Profesora Catalina \u00c1vila Grimaldo, el candidato a Regidor Profesor Sa\u00fal Az\u00faa y el candidato a Regidor Profesor Wulfrano Flores S\u00e1nchez,.<\/p>\n<blockquote><p><strong><em>El evento tuvo diferentes patrocinadores como el se\u00f1or Ren\u00e9 Garza, \u201cGrafo Estudio\u201d Centro de Impresi\u00f3n, \u201cFruter\u00eda Fervi\u201d y tambi\u00e9n se agradeci\u00f3 a la Casa de la Cultura y a la Direcci\u00f3n de Seguridad P\u00fablica Municipal.<\/em><\/strong><\/p><\/blockquote>\n<p class=\"western\" style=\"text-align: justify;\">Otros asistentes fueron Ad\u00e1n Medina, el Regidor Carlos Alberto Ruiz P\u00e9rez, candidato a Regidor Gerardo V\u00e1zquez, A. Banda, Florencia Maldonado, Profesora Socorro Gallegos, la se\u00f1ora Irene Gallegos, Xiomara Padr\u00f3n Gallegos, entre otros.<\/p>\n<p class=\"western\" style=\"text-align: justify;\">A las 10:27 de la ma\u00f1ana inici\u00f3 formalmente el foro, el Licenciado en Psicolog\u00eda Javier Gayt\u00e1n Hern\u00e1ndez dio la bienvenida y dijo que en este 2018 se tomar\u00e1n decisiones importantes y se pretend\u00eda despertar el inter\u00e9s general.<\/p>\n<p class=\"western\" style=\"text-align: justify;\">El evento tuvo diferentes patrocinadores como el se\u00f1or Ren\u00e9 Garza, \u00abGrafo Estudio\u00bb Centro de Impresi\u00f3n, \u201cFruter\u00eda Fervi\u201d y tambi\u00e9n se agradeci\u00f3 a la Casa de la Cultura y a la Direcci\u00f3n de Seguridad P\u00fablica Municipal.<\/p>\n<p class=\"western\" style=\"text-align: justify;\">El objetivo fue que los candidatos compartieran la visi\u00f3n que tienen de Cerritos.<\/p>\n<p class=\"western\" style=\"text-align: justify;\">La presentaci\u00f3n de los candidatos estar\u00eda apegada a cinco ejes fundamentales.<\/p>\n<p class=\"western\" style=\"text-align: justify;\">El primero \u00abquien eres\u00bb, el segundo \u00abconociendo a Cerritos\u00bb, tres, Observatorio Ciudadano, cuatro \u00abcu\u00e1nto conoces a Cerritos\u00bb, y el quinto \u201cdime con qui\u00e9n andas y te dir\u00e9 qui\u00e9n eres\u201d.<\/p>\n<figure id=\"attachment_11725\" aria-describedby=\"caption-attachment-11725\" style=\"width: 150px\" class=\"wp-caption alignleft\"><a href=\"https:\/\/www.plurinominal.com.mx\/?attachment_id=11725\" rel=\"attachment wp-att-11725\"><img loading=\"lazy\" decoding=\"async\" class=\"wp-image-11725 size-thumbnail\" src=\"https:\/\/www.plurinominal.com.mx\/wp-content\/uploads\/Lupita-Ortiz-3-150x150.jpg\" alt=\"\" width=\"150\" height=\"150\" srcset=\"https:\/\/www.plurinominal.com.mx\/wp-content\/uploads\/Lupita-Ortiz-3-150x150.jpg 150w, https:\/\/www.plurinominal.com.mx\/wp-content\/uploads\/Lupita-Ortiz-3.jpg 198w\" sizes=\"auto, (max-width: 150px) 100vw, 150px\" \/><\/a><figcaption id=\"caption-attachment-11725\" class=\"wp-caption-text\"><span style=\"font-size: 8pt;\"><strong><span style=\"font-family: 'trebuchet ms', geneva, sans-serif;\">Lupita Ortiz no est\u00e1 de acuerdo con reducir salarios a los de primer nivel.<\/span><\/strong><\/span><\/figcaption><\/figure>\n<p class=\"western\" style=\"text-align: justify;\"><strong><em><span style=\"font-size: 10pt; font-family: 'trebuchet ms', geneva, sans-serif;\">Guadalupe Ortiz Castro.<\/span><\/em><\/strong> La primera en comparecer fue Guadalupe Ortiz Castro, candidata de la coalici\u00f3n Partido Encuentro Social, Morena y Partido del Trabajo.<\/p>\n<p class=\"western\" style=\"text-align: justify;\">Dijo que naci\u00f3 el 6 octubre 1973 en Cerritos, y es hija del Profesor Ernesto Ortiz Galv\u00e1n y de la se\u00f1ora Elsa Castro Rodr\u00edguez.<\/p>\n<p class=\"western\" style=\"text-align: justify;\">Ha contado con el privilegio de dirigir el CECECAT, ha estado en diferentes comit\u00e9s de padres de familia y considera que es la persona ideal para dirigir los destinos del municipio. Ha participado en el Ceepac y solicit\u00f3 el apoyo ciudadano \u201cporque Cerritos necesita un cambio\u201d.<\/p>\n<p class=\"western\" style=\"text-align: justify;\">Despu\u00e9s le formularon cinco preguntas. La primera, si estaba de acuerdo con la reducci\u00f3n de salarios de funcionarios de primer nivel. Contest\u00f3 que no.<\/p>\n<p class=\"western\" style=\"text-align: justify;\">La segunda pregunta, si aumentar\u00eda el n\u00famero de permisos para venta de alcohol, contest\u00f3 que no.<\/p>\n<p class=\"western\" style=\"text-align: justify;\">La tercera pregunta, exentar\u00e1 de mayores impuestos sobre uso del suelo a la empresa cementera, contest\u00f3 que s\u00ed.<\/p>\n<p class=\"western\" style=\"text-align: justify;\">La cuarta pregunta, est\u00e1 de acuerdo con la legalizaci\u00f3n de la mariguana y dijo que no. La quinta pregunta fue sobre si estaba de acuerdo con el matrimonio igualitario y manifest\u00f3 que s\u00ed.<\/p>\n<p class=\"western\" style=\"text-align: justify;\">Tambi\u00e9n est\u00e1 de acuerdo con la ley que regula el uso de pl\u00e1sticos.<\/p>\n<p class=\"western\" style=\"text-align: justify;\">Enseguida tom\u00f3 un sobre que conten\u00eda el n\u00famero cuatro. Le pidieron mencionar cinco indicadores de desarrollo humano, contest\u00f3 que educaci\u00f3n, respuesta err\u00f3nea, cultura, capacitaci\u00f3n, lo que se consider\u00f3 err\u00f3neo.<\/p>\n<p class=\"western\" style=\"text-align: justify;\">Lo mismo pas\u00f3 cuando le preguntaron cu\u00e1nto costaba la tonelada de ma\u00edz, la otra pregunta fue con cu\u00e1ntos habitantes cuenta Cerritos, pero tampoco tuvo el dato preciso.<\/p>\n<p class=\"western\" style=\"text-align: justify;\">Sobre qui\u00e9n tiene m\u00e1s antig\u00fcedad sobre su fundaci\u00f3n, la escuela primaria Marcos Vives o el templo de San Juan Bautista, no contest\u00f3 adecuadamente.<\/p>\n<p class=\"western\" style=\"text-align: justify;\">Tres productos caracter\u00edsticos de Cerritos. Contest\u00f3, los comales del Sa\u00faz, las sillas del Tepoz\u00e1n y la jarcier\u00eda.<\/p>\n<p class=\"western\" style=\"text-align: justify;\">Los moderadores le preguntaron cu\u00e1ntas comunidades de Cerritos cuentan con energ\u00eda el\u00e9ctrica y contest\u00f3 que casi en la totalidad las comunidades cuentan con electricidad.<\/p>\n<p class=\"western\" style=\"text-align: justify;\">Tambi\u00e9n le cuestionaron sobre el destino de los migrantes de Cerritos y dijo que los \u00c1ngeles, Houston y Chicago.<\/p>\n<p class=\"western\" style=\"text-align: justify;\">Le preguntaron c\u00f3mo llevar\u00eda a cabo sus proyectos de gobierno y dijo que con atenci\u00f3n servicio y calidad y que se dar\u00eda atenci\u00f3n todos los d\u00edas, con servicio de guardias.<\/p>\n<p class=\"western\" style=\"text-align: justify;\">Atender\u00e1 la problem\u00e1tica de sanidad a trav\u00e9s del relleno sanitario. Sobre los caminos dijo que su mal estado afecta la econom\u00eda del municipio y a la gente de las comunidades, fortalecer\u00e1 el campo. Prometi\u00f3 mejora administrativa.<\/p>\n<p class=\"western\" style=\"text-align: justify;\">A la candidata se le formul\u00f3 una pregunta, \u00bflos proyectos est\u00e1n sustentados en los recursos que llegan al municipio?, Contest\u00f3 que s\u00ed.<\/p>\n<p class=\"western\" style=\"text-align: justify;\">En el punto, \u201cdime con qui\u00e9n andas y te dir\u00e9 qui\u00e9n eres\u201d, dijo que dar\u00e1 oportunidad a j\u00f3venes con vocaci\u00f3n de servicio, \u201cuna vez que llegue Andr\u00e9s Manuel a la Presidencia de la Rep\u00fablica habr\u00e1 apoyos para cumplir propuestas y compromisos\u201d, sostuvo.<\/p>\n<p class=\"western\" style=\"text-align: justify;\">Despu\u00e9s la candidata proyect\u00f3 el sustento del financiamiento de sus proyectos.<\/p>\n<p class=\"western\" style=\"text-align: justify;\">El Doctor Cuauht\u00e9moc coment\u00f3 la atenci\u00f3n a los caminos y le pregunt\u00f3 cu\u00e1ntos recursos econ\u00f3micos pensaba aplicar, dijo que apenas estaban hablando de un anteproyecto.<\/p>\n<p class=\"western\" style=\"text-align: justify;\">Despu\u00e9s los moderadores revelaron respuestas que no fueron respondidas.<\/p>\n<p class=\"western\" style=\"text-align: justify;\">Son 33 las comunidades que cuentan con energ\u00eda el\u00e9ctrica, son 90. 3% de viviendas a las que llega agua, son tres los productos caracter\u00edsticos del municipio.<\/p>\n<p class=\"western\" style=\"text-align: justify;\">La escuela Marcos Vives se construy\u00f3 en el a\u00f1o de 1886 y la parroquia en el a\u00f1o de 1888.<\/p>\n<p class=\"western\" style=\"text-align: justify;\">Son 21 mil 394 los habitantes de Cerritos. Los \u00edndices de desarrollo humano son agua entubada, drenaje, electricidad, desarrollo humano y desarrollo educativo general. El costo de una tonelada de ma\u00edz es de 5,500 pesos. El primer asentamiento humano que se hizo en Cerritos, fue el Rinc\u00f3n de Turrubiartes.<\/p>\n<figure id=\"attachment_11726\" aria-describedby=\"caption-attachment-11726\" style=\"width: 150px\" class=\"wp-caption alignleft\"><a href=\"https:\/\/www.plurinominal.com.mx\/?attachment_id=11726\" rel=\"attachment wp-att-11726\"><img loading=\"lazy\" decoding=\"async\" class=\"wp-image-11726 size-thumbnail\" src=\"https:\/\/www.plurinominal.com.mx\/wp-content\/uploads\/Lety-Vazquez-1-150x150.jpg\" alt=\"\" width=\"150\" height=\"150\" srcset=\"https:\/\/www.plurinominal.com.mx\/wp-content\/uploads\/Lety-Vazquez-1-150x150.jpg 150w, https:\/\/www.plurinominal.com.mx\/wp-content\/uploads\/Lety-Vazquez-1.jpg 198w\" sizes=\"auto, (max-width: 150px) 100vw, 150px\" \/><\/a><figcaption id=\"caption-attachment-11726\" class=\"wp-caption-text\"><span style=\"font-size: 8pt;\"><strong><span style=\"font-family: 'trebuchet ms', geneva, sans-serif;\">Al igual que las dem\u00e1s, Lety V\u00e1zquez no mencion\u00f3 nombres de los de primer nivel, pero descart\u00f3 la posibilidad de incluir a Salvador Mart\u00ednez Sifuentes en su equipo de trabajo.<\/span><\/strong><\/span><\/figcaption><\/figure>\n<p class=\"western\" style=\"text-align: justify;\"><strong><span style=\"font-size: 10pt; font-family: 'trebuchet ms', geneva, sans-serif;\"><em>Mar\u00eda Leticia V\u00e1zquez Hern\u00e1ndez.<\/em>&nbsp;<\/span><\/strong>Despu\u00e9s correspondi\u00f3 el turno a la Licenciada Leticia V\u00e1zquez Hern\u00e1ndez, candidata de los partidos Verde y PRI.<\/p>\n<p class=\"western\" style=\"text-align: justify;\">En su presentaci\u00f3n expres\u00f3 que es madre de cuatro hijos, ama de casa y profesionista, cuenta con dos licenciaturas y una maestr\u00eda. Est\u00e1 capacitada en el nuevo sistema de justicia penal y ha participado en diferentes comit\u00e9s. En la actualidad figura como presidenta del Comit\u00e9 de Padres de Familia de la escuela secundaria t\u00e9cnica n\u00famero 11, donde se llev\u00f3 a cabo la adquisici\u00f3n de un autob\u00fas y la construcci\u00f3n de un comedor.<\/p>\n<p class=\"western\" style=\"text-align: justify;\">Form\u00f3 la escuela de charrer\u00eda que acaba de conquistar dos medallas de oro, una de plata y una de bronce.<\/p>\n<p class=\"western\" style=\"text-align: justify;\">Cuenta con el liderazgo y sensibilidad para dirigir al municipio.<\/p>\n<p class=\"western\" style=\"text-align: justify;\">Le preguntaron si estaba de acuerdo con reducir el salario de los funcionarios de primer nivel y manifest\u00f3 que estaba de acuerdo.<\/p>\n<p class=\"western\" style=\"text-align: justify;\">\u00bfEst\u00e1 de acuerdo en ampliar el n\u00famero de permisos para venta de alcohol?, contest\u00f3 en forma negativa.<\/p>\n<p class=\"western\" style=\"text-align: justify;\">\u00bfEst\u00e1 a favor de exentar de impuestos a la empresa cementera?, contest\u00f3 en forma negativa.<\/p>\n<p class=\"western\" style=\"text-align: justify;\">\u00bfEst\u00e1 de acuerdo con la legalizaci\u00f3n de la mariguana?, contest\u00f3 negativamente.<\/p>\n<p class=\"western\" style=\"text-align: justify;\">\u00bfEst\u00e1 de acuerdo con el matrimonio igualitario? De acuerdo, contest\u00f3.<\/p>\n<p class=\"western\" style=\"text-align: justify;\">Le preguntaron a Leticia V\u00e1zquez Hern\u00e1ndez cu\u00e1ntos sistemas de drenaje existen en el municipio y cu\u00e1ntas comunidades cuentan con este servicio. La candidata dijo que seis tomas y sobre las comunidades dijo que tres.<\/p>\n<p class=\"western\" style=\"text-align: justify;\">Se hizo una observaci\u00f3n a los moderadores. Ellos comentaron que eran siete los sistemas y que 13 comunidades estaban unidas a las descargas del drenaje de la cabecera municipal, lo cual es contradictorio, dado que ninguna comunidad cuenta con drenaje. Ellos se\u00f1alaron que los datos los tomaban de los indicadores que se\u00f1alaba el Inegi.<\/p>\n<p class=\"western\" style=\"text-align: justify;\">\u00bfCu\u00e1nto gana un polic\u00eda?, La candidata expres\u00f3 que cuentan con diferente salario. Desde 2900 pesos. La respuesta no fue satisfactoria.<\/p>\n<p class=\"western\" style=\"text-align: justify;\">De qu\u00e9 im\u00e1genes consta el escudo de Cerritos. S\u00f3lo coment\u00f3 sobre dos im\u00e1genes.<\/p>\n<p class=\"western\" style=\"text-align: justify;\">\u00bfCu\u00e1ndo se fund\u00f3 Cerritos? En 1826 se le concedi\u00f3 en nombre de Villa. Dijo. Los moderadores ped\u00edan d\u00eda, mes y a\u00f1o. La candidata no pudo contestar.<\/p>\n<p class=\"western\" style=\"text-align: justify;\">\u00bfCu\u00e1nto es el costo del transporte p\u00fablico? De 35 a 50 pesos. Respuesta no satisfactoria.<\/p>\n<p class=\"western\" style=\"text-align: justify;\">\u00bfCosto del autob\u00fas a Rioverde? 86 pesos. Contest\u00f3. Respuesta no satisfactoria.<\/p>\n<p class=\"western\" style=\"text-align: justify;\">Le preguntaron sobre tres personajes ilustres de esta localidad y se\u00f1al\u00f3 a Rafael Nieto. El tiempo le gan\u00f3 y se le fue destacando la obra de este personaje.<\/p>\n<p class=\"western\" style=\"text-align: justify;\">En el tercer bloque debi\u00f3 destacar su proyecto de gobierno. Sin material auxiliar (que nadie utiliz\u00f3) habl\u00f3 ampliamente sobre sus propuestas.<\/p>\n<p class=\"western\" style=\"text-align: justify;\">Finanzas sanas, combate a la pobreza, educaci\u00f3n y cultura, seguridad, cuidado del medio ambiente, creaci\u00f3n de sociedades cooperativas, gobierno austero, reducci\u00f3n de salarios y compensaciones, reducci\u00f3n en los servicios personales.<\/p>\n<p class=\"western\" style=\"text-align: justify;\">Construcci\u00f3n de caminos como el de Derramaderos, Ojo de Agua-Cerritos, complejo deportivo y compra de un autob\u00fas.<\/p>\n<p class=\"western\" style=\"text-align: justify;\">\u00bfC\u00f3mo resolver\u00eda la falta de agua en el municipio?<\/p>\n<p class=\"western\" style=\"text-align: justify;\">Rehabilitando la red, ya que debido a las fugas de agua se pierde 30% del l\u00edquido, \u201cporque agua s\u00ed tenemos en Cerritos\u201d.<\/p>\n<p class=\"western\" style=\"text-align: justify;\">El p\u00fablico le pregunt\u00f3 \u00bfen qu\u00e9 consiste el gasto corriente? Contest\u00f3 que es el pago de sueldos, vi\u00e1ticos, \u00aball\u00ed se gastan 24 millones de pesos nada m\u00e1s en n\u00f3mina\u00bb.<\/p>\n<p class=\"western\" style=\"text-align: justify;\">El p\u00fablico cuestion\u00f3 a los moderadores sobre los indicadores, pero contestaron que \u00e9stos estaban reconocidos a nivel internacional.<\/p>\n<p class=\"western\" style=\"text-align: justify;\">Xiomara Guadalupe Padr\u00f3n Gallegos pregunt\u00f3, su partido fue el que ampli\u00f3 la n\u00f3mina \u00bfc\u00f3mo le har\u00e1 para disminuirla? All\u00ed la candidata explic\u00f3 que aplicar\u00e1 una estrategia para determinar qu\u00e9 empleados son eficientes y \u00fatiles al ayuntamiento.<\/p>\n<p class=\"western\" style=\"text-align: justify;\">Otra de las preguntas fue \u00bfvan a permanecer los trabajadores en sus puestos?, La candidata dijo que s\u00ed, los de base.<\/p>\n<p class=\"western\" style=\"text-align: justify;\">Se le dijo que el gobierno federal cuenta con una mala imagen. Se considera que el PRI ha hecho mal las cosas, entonces se le pregunt\u00f3 c\u00f3mo combatir\u00eda la corrupci\u00f3n.<\/p>\n<p class=\"western\" style=\"text-align: justify;\">Respondi\u00f3 que mediante \u00f3rganos de control, pero quien caiga en actos de corrupci\u00f3n habr\u00e1 que suspenderlo primeramente.<\/p>\n<p class=\"western\" style=\"text-align: justify;\">El Licenciado Alfredo Mata pregunt\u00f3 \u00bfcu\u00e1l es el nivel de opacidad en cu\u00e1nto a las denuncias que recibe la agencia del ministerio p\u00fablico? La candidata dijo que es muy alto, debido a que el ministerio p\u00fablico tiene que atender tres municipios, Cerritos, San Nicol\u00e1s Tolentino y Villa Ju\u00e1rez, \u201cla opacidad se debe a la falta de personal\u201d.<\/p>\n<figure id=\"attachment_11727\" aria-describedby=\"caption-attachment-11727\" style=\"width: 150px\" class=\"wp-caption alignleft\"><a href=\"https:\/\/www.plurinominal.com.mx\/?attachment_id=11727\" rel=\"attachment wp-att-11727\"><img loading=\"lazy\" decoding=\"async\" class=\"wp-image-11727 size-thumbnail\" src=\"https:\/\/www.plurinominal.com.mx\/wp-content\/uploads\/Alma-Migdalia-2-150x150.jpg\" alt=\"\" width=\"150\" height=\"150\" srcset=\"https:\/\/www.plurinominal.com.mx\/wp-content\/uploads\/Alma-Migdalia-2-150x150.jpg 150w, https:\/\/www.plurinominal.com.mx\/wp-content\/uploads\/Alma-Migdalia-2.jpg 198w\" sizes=\"auto, (max-width: 150px) 100vw, 150px\" \/><\/a><figcaption id=\"caption-attachment-11727\" class=\"wp-caption-text\"><span style=\"font-size: 8pt;\"><strong><span style=\"font-family: 'trebuchet ms', geneva, sans-serif;\">En efecto, Alma Migdalia Entreg\u00f3 informe FERECE de cuando fue presidenta del patronato, sin embargo las cifras no fueron convincentes.<\/span><\/strong><\/span><\/figcaption><\/figure>\n<p class=\"western\" style=\"text-align: justify;\"><strong><span style=\"font-size: 10pt; font-family: 'trebuchet ms', geneva, sans-serif;\"><em>Alma Migdalia Mart\u00ednez Gallegos<\/em>.<\/span>&nbsp;<\/strong>Enseguida Alma Migdalia, candidata del Partido Movimiento Ciudadano y Acci\u00f3n Nacional, hizo su presentaci\u00f3n y dijo que a iniciativa propia es una buena ciudadana, que por 15 a\u00f1os ha desempe\u00f1ado un trabajo en el IMSS. Cuenta con 40 a\u00f1os de edad y quiere ser presidenta municipal porque tiene la capacidad para gestionar. Siempre ha estado al pendiente de Cerritos y destac\u00f3 lo que ha hecho como empleada del Instituto Mexicano del Seguro Social.<\/p>\n<p class=\"western\" style=\"text-align: justify;\">Se le pregunt\u00f3:<\/p>\n<p class=\"western\" style=\"text-align: justify;\">\u00bfEst\u00e1 de acuerdo en la reducci\u00f3n de salarios a funcionarios de primer nivel? S\u00ed.<\/p>\n<p class=\"western\" style=\"text-align: justify;\">\u00bfEst\u00e1 de acuerdo en el aumento de permisos para la venta de alcohol? No.<\/p>\n<p class=\"western\" style=\"text-align: justify;\">\u00bfEst\u00e1 de acuerdo en exentar de impuestos a la empresa cementera? Contest\u00f3 negativamente.<\/p>\n<p class=\"western\" style=\"text-align: justify;\">\u00bfEst\u00e1 de acuerdo en la legalizaci\u00f3n de la mariguana? No.<\/p>\n<p class=\"western\" style=\"text-align: justify;\">\u00bfEst\u00e1 de acuerdo con la legalizaci\u00f3n con el matrimonio igualitario? No.<\/p>\n<p class=\"western\" style=\"text-align: justify;\">\u00bfEst\u00e1 de acuerdo con la Ley de Pl\u00e1sticos? S\u00ed.<\/p>\n<p class=\"western\" style=\"text-align: justify;\">Despu\u00e9s escogi\u00f3 un sobre, deb\u00eda mencionar el nombre oficial de cinco planteles educativos de la localidad y contest\u00f3 escuela Marcos Vives, secundaria T\u00e9cnica n\u00famero 11, secundaria Manuel Jos\u00e9 Oth\u00f3n, telesecundaria H\u00e9roes Potosinos, Preparatoria de Cerritos y CBTA 123.<\/p>\n<p class=\"western\" style=\"text-align: justify;\">\u00bfDiga si Manuel Jos\u00e9 Oth\u00f3n figur\u00f3 como juez en esta localidad? S\u00ed.<\/p>\n<p class=\"western\" style=\"text-align: justify;\">\u00bfA qui\u00e9n de esta localidad Manuel Jos\u00e9 Oth\u00f3n dedic\u00f3 una poes\u00eda? no supo la respuesta.<\/p>\n<p class=\"western\" style=\"text-align: justify;\">\u00bfCu\u00e1l es la principal droga que se consume? El cristal, aunque no expuso de d\u00f3nde bas\u00f3 su fuente sino en el dominio popular.<\/p>\n<p class=\"western\" style=\"text-align: justify;\">A la candidata le pidieron que dijera cu\u00e1les eran las tres industrias locales que habr\u00e1n de fortalecer el desarrollo y dijo que todo el comercio local. La respuesta no fue convincente.<\/p>\n<p class=\"western\" style=\"text-align: justify;\">\u00bfCu\u00e1l es el n\u00famero de localidades con que cuenta el municipio? 52, pero habitadas 32. La respuesta no fue satisfactoria.<\/p>\n<p class=\"western\" style=\"text-align: justify;\">\u00bfN\u00famero de m\u00e9dicos que prestan servicio? No pudo contestar.<\/p>\n<p class=\"western\" style=\"text-align: justify;\">\u00bfCu\u00e1nto cuesta el tanque de gas? No tuvo contestaci\u00f3n.<\/p>\n<p class=\"western\" style=\"text-align: justify;\">Le preguntaron sobre cinco atracciones tur\u00edsticas en el municipio, con nombre oficial. No dio contestaci\u00f3n.<\/p>\n<p class=\"western\" style=\"text-align: justify;\">En el proyecto de gobierno se\u00f1al\u00f3 rehabilitaci\u00f3n de caminos, dotaci\u00f3n de aparato de ultrasonido y electrocardiogramas para las instituciones de salud, red de Internet, apoyo a madres solteras, becas para estudiantes, recursos para el campo, seguridad.<\/p>\n<p class=\"western\" style=\"text-align: justify;\">Se le pregunt\u00f3 qu\u00e9 har\u00eda para mejorar los \u00edndices de inseguridad y relat\u00f3 que los ciudadanos tienen tambi\u00e9n la obligaci\u00f3n de generar su propia seguridad, a lo que el Doctor Cuauht\u00e9moc le expres\u00f3, \u201centonces nosotros c\u00f3mo ciudadanos tenemos la obligaci\u00f3n de nuestra propia seguridad, \u00bfla seguridad recae en la poblaci\u00f3n?, la candidata dijo que no intent\u00f3 decir eso.<\/p>\n<p class=\"western\" style=\"text-align: justify;\">\u00bfSi usted dice que ha estado al pendiente de lo que sucede en Cerritos, entonces por qu\u00e9 no la hemos escuchado levantar la voz contra la corrupci\u00f3n que se ha generado en el ayuntamiento? Se le pregunt\u00f3. Dijo que quienes est\u00e1n en la presidencia municipal deber\u00e1n responder por sus propios actos.<\/p>\n<p class=\"western\" style=\"text-align: justify;\">El Doctor Cuauht\u00e9moc coment\u00f3 que ella representa la continuidad en el ayuntamiento, pero expres\u00f3 que quien haya cometido un error deber\u00e1 responder ante la justicia.<\/p>\n<p class=\"western\" style=\"text-align: justify;\">Se le pregunt\u00f3 sobre tres estrategias en seguridad y dijo personal capacitado, seguro de vida para polic\u00edas.<\/p>\n<p class=\"western\" style=\"text-align: justify;\">\u00bfQu\u00e9 acciones emprender\u00e1 para transparentar el ejercicio de la actual administraci\u00f3n? \u201cEl que la hizo que la pague\u201d.<\/p>\n<p class=\"western\" style=\"text-align: justify;\">Una persona del p\u00fablico se\u00f1al\u00f3, \u201cel Partido Acci\u00f3n Nacional tiene dos trienios en el poder y no hay desarrollo\u201d, la candidata dijo que llevar\u00e1 a cabo algunas acciones como arreglo de caminos para fomentar el comercio.<\/p>\n<p class=\"western\" style=\"text-align: justify;\">En el \u00faltimo bloque, \u00bfqui\u00e9nes estar\u00e1n en su equipo de trabajo? Explic\u00f3 que a la fecha no ha prometido ni comprometido alg\u00fan puesto, est\u00e1 trabajando con su equipo de regidores.<\/p>\n<p class=\"western\" style=\"text-align: justify;\">Un paisano de nombre \u00abSebasti\u00e1n\u201d pregunt\u00f3 que si ella no ha estado en los comit\u00e9s de la feria, dijo que en la actualidad no, pero el paisano fue incisivo, argument\u00f3 que hab\u00eda visto una nota en un peri\u00f3dico donde se le acusaba de ciertos movimientos, \u00bfc\u00f3mo presidenta municipal se presentar\u00e1n los mismos problemas que cuando estuvo en el patronato de la feria? Le pregunt\u00f3.<\/p>\n<p class=\"western\" style=\"text-align: justify;\">Alma Migdalia asegur\u00f3 que \u201cfue la mejor feria, entregu\u00e9 cuentas ante el Cabildo y se sac\u00f3 un comunicado en los peri\u00f3dicos\u201d.<\/p>\n<p class=\"western\" style=\"text-align: justify;\">Una jovencita pregunt\u00f3 qu\u00e9 proyectos tiene para los j\u00f3venes y dijo que est\u00e1 consciente de la existencia de una universidad, pero la cuestionaron sobre si dar\u00e1 trabajo a todos los j\u00f3venes egresados, dijo que se escoger\u00e1 a los mejores, pero uno de los moderadores cuestion\u00f3 sobre otras propuestas de empleos. La candidata no tuvo respuesta.<\/p>\n<p class=\"western\" style=\"text-align: justify;\">Los presentadores hicieron un balance sobre las preguntas que le hicieron a la candidata panista, las cuales no contest\u00f3 acertadamente: Cu\u00e1ntas localidades tiene el municipio, son 63; cu\u00e1nto es el costo del tanque de gas, vale 598.80; la droga de mayor consumo es la mariguana. El impacto del cristal es superior al alcohol, es la droga de iniciaci\u00f3n y es un serio problema de salud en la zona media, as\u00ed lo dijeron los moderadores ya que la candidata no supo contestar la cuesti\u00f3n.<\/p>\n<p class=\"western\" style=\"text-align: justify;\">Los atractivos tur\u00edsticos son Cerro del Mirador en Nuestro Padre Jes\u00fas, Santuario de Nuestra Se\u00f1ora de Guadalupe de La Rinconada, parque La Mezquitada y la Reserva Ecol\u00f3gica de Labor de San Diego por solo citar unos.<\/p>\n<p class=\"western\" style=\"text-align: justify;\">Se explic\u00f3 cu\u00e1ntos m\u00e9dicos existen en el sector p\u00fablico y cu\u00e1ntos en el sector privado.<\/p>\n<p class=\"western\" style=\"text-align: justify;\">Se le pregunt\u00f3 \u00bfcu\u00e1les son las tres industrias que se pueden fortalecer en el municipio?, la respuesta es la talabarter\u00eda, jarciar\u00eda, elaboraci\u00f3n de ladrillos, elaboraci\u00f3n de sillas, los comales del Sa\u00faz, entre otras.<\/p>\n<figure id=\"attachment_11728\" aria-describedby=\"caption-attachment-11728\" style=\"width: 150px\" class=\"wp-caption alignleft\"><a href=\"https:\/\/www.plurinominal.com.mx\/?attachment_id=11728\" rel=\"attachment wp-att-11728\"><img loading=\"lazy\" decoding=\"async\" class=\"wp-image-11728 size-thumbnail\" src=\"https:\/\/www.plurinominal.com.mx\/wp-content\/uploads\/Lucy-Ramirez-6-150x150.jpg\" alt=\"\" width=\"150\" height=\"150\" srcset=\"https:\/\/www.plurinominal.com.mx\/wp-content\/uploads\/Lucy-Ramirez-6-150x150.jpg 150w, https:\/\/www.plurinominal.com.mx\/wp-content\/uploads\/Lucy-Ramirez-6.jpg 198w\" sizes=\"auto, (max-width: 150px) 100vw, 150px\" \/><\/a><figcaption id=\"caption-attachment-11728\" class=\"wp-caption-text\"><span style=\"font-size: 8pt;\"><strong><span style=\"font-family: 'trebuchet ms', geneva, sans-serif;\">Dijo que los pollos de la Casa Amarilla provienen de una poller\u00eda.<\/span><\/strong><\/span><\/figcaption><\/figure>\n<p class=\"western\" style=\"text-align: justify;\"><strong><em><span style=\"font-size: 10pt; font-family: 'trebuchet ms', geneva, sans-serif;\">Lucy Ram\u00edrez.<\/span><\/em>&nbsp;<\/strong>La \u00faltima en participar fue la Licenciada en Enfermer\u00eda Marta Luc\u00eda Ram\u00edrez. Es enfermera de profesi\u00f3n y ha laborado tanto en hospitales del sector p\u00fablico como del privado. Ha dado apoyo a los habitantes de Cerritos en medicinas y consultas m\u00e9dicas gracias a la implementaci\u00f3n de la Casa Amarilla.<\/p>\n<p class=\"western\" style=\"text-align: justify;\">\u00bfEst\u00e1 de acuerdo en rebajar al salario a los funcionarios de primer nivel? A favor.<\/p>\n<p class=\"western\" style=\"text-align: justify;\">\u00bfEst\u00e1 de acuerdo en aumentar los permisos de venta de alcohol? Negativo.<\/p>\n<p class=\"western\" style=\"text-align: justify;\">\u00bfOtorgar\u00e1 exenciones a la empresa cementera sobre uso de suelo? No.<\/p>\n<p class=\"western\" style=\"text-align: justify;\">\u00bfEst\u00e1 de acuerdo en la legalizaci\u00f3n de la mariguana? No.<\/p>\n<p class=\"western\" style=\"text-align: justify;\">\u00bfEst\u00e1 de acuerdo con el matrimonio igualitario? S\u00ed.<\/p>\n<p class=\"western\" style=\"text-align: justify;\">\u00bfEst\u00e1 de acuerdo con la Ley del uso de Pl\u00e1sticos? No.<\/p>\n<p class=\"western\" style=\"text-align: justify;\">\u00bfSabe usted cu\u00e1ntos pozos surten de agua al municipio? No.<\/p>\n<p class=\"western\" style=\"text-align: justify;\">\u00bfConoce el grado de instrucci\u00f3n de un polic\u00eda? No.<\/p>\n<p class=\"western\" style=\"text-align: justify;\">\u00bfCu\u00e1ntos municipios colindan con Cerritos? La respuesta no fue la adecuada.<\/p>\n<p class=\"western\" style=\"text-align: justify;\">\u00bfCu\u00e1nto cuesta un kilo de tortillas? 15 pesos, respuesta satisfactoria.<\/p>\n<p class=\"western\" style=\"text-align: justify;\">\u00bfCosto de la canasta b\u00e1sica? 400 pesos, la respuesta fue satisfactoria pero no se cit\u00f3 ninguna fuente.<\/p>\n<p class=\"western\" style=\"text-align: justify;\">\u00bfSabe usted cu\u00e1ntos homicidios o muertes violentas se han presentado en el municipio en el primer trimestre del a\u00f1o? No.<\/p>\n<p class=\"western\" style=\"text-align: justify;\">Menciona tres personajes ilustres del municipio, cit\u00f3 a Rafael Nieto, pero tambi\u00e9n a la maestra Carlota, a la cual calific\u00f3 como una eminencia en m\u00fasica.<\/p>\n<p class=\"western\" style=\"text-align: justify;\">\u00bfA cu\u00e1nto asciende el ingreso mensual en salarios m\u00ednimos en el municipio? En un primer intento dijo que 10 salarios m\u00ednimos.<\/p>\n<p class=\"western\" style=\"text-align: justify;\">Cuando le toc\u00f3 el turno de hablar sobre su proyecto de gobierno, la candidata se refiri\u00f3 a la salud y seguridad.<\/p>\n<p class=\"western\" style=\"text-align: justify;\">En salud prometi\u00f3 especial atenci\u00f3n a las casas de salud, consultas generales y apoyo con un pediatra.<\/p>\n<p class=\"western\" style=\"text-align: justify;\">Se apoyar\u00e1 en el Instituto de la Vivienda para dar vivienda a la gente que no tiene y pedir\u00e1 apoyo al estado en cu\u00e1nto a otorgar seguridad a los ciudadanos.<\/p>\n<p class=\"western\" style=\"text-align: justify;\">Xiomara Guadalupe Padr\u00f3n Gallegos, le cuestion\u00f3 sobre su actual domicilio. Dijo que vive en la calle 5 Febrero n\u00famero 31 desde hace cuatro a\u00f1os.<\/p>\n<p class=\"western\" style=\"text-align: justify;\">Tambi\u00e9n se le cuestion\u00f3 que \u201ca ella se le conoce m\u00e1s por las d\u00e1divas\u201d y contest\u00f3 que no son \u00abd\u00e1divas\u00bb sino apoyos sociales para los que lo necesitan.<\/p>\n<p class=\"western\" style=\"text-align: justify;\">La se\u00f1ora Carmen Gonz\u00e1lez pregunt\u00f3 en qu\u00e9 consiste la Ley de Pl\u00e1sticos, ya que no estuvo de acuerdo en su aplicaci\u00f3n y coment\u00f3 que desconoc\u00eda lo referente a esa ley.<\/p>\n<p class=\"western\" style=\"text-align: justify;\">El Doctor Cuauht\u00e9moc le pregunt\u00f3 sobre su programa de vivienda.<\/p>\n<p class=\"western\" style=\"text-align: justify;\">Tambi\u00e9n le pregunt\u00f3 de d\u00f3nde saldr\u00e1n los recursos para sus programas de asistencia social y coment\u00f3 que buscar\u00eda patrocinadores, ya que sin ser autoridad ha logrado el apoyo y que no tocar\u00eda los recursos del ayuntamiento para esos programas de asistencia social.<\/p>\n<p class=\"western\" style=\"text-align: justify;\">En el \u00faltimo bloque le preguntaron si ya contaba con los nombres de quienes formar\u00edan su equipo de trabajo y coment\u00f3 que todav\u00eda no ten\u00eda una decisi\u00f3n, pero buscar\u00eda a los mejores profesionistas que tienen deseos de llegar a una administraci\u00f3n municipal.<\/p>\n<p class=\"western\" style=\"text-align: justify;\">Una joven le pregunt\u00f3 sobre los proyectos de atenci\u00f3n a j\u00f3venes y extern\u00f3 que no contaba con ese tipo de proyectos.<\/p>\n<p class=\"western\" style=\"text-align: justify;\">El Doctor Cuauht\u00e9moc le pidi\u00f3 que clarificara sus propuestas de salud integral y contest\u00f3 que dando seguimiento a la atenci\u00f3n m\u00e9dica.<\/p>\n<p class=\"western\" style=\"text-align: justify;\">El doctor insisti\u00f3 que eso implicaba capacitaci\u00f3n y si ten\u00eda conocimiento, quiso saber a cu\u00e1nto ascend\u00eda esa inversi\u00f3n.<\/p>\n<p class=\"western\" style=\"text-align: justify;\">La candidata rectific\u00f3 su respuesta. Dijo que apoyar\u00eda a las Casas de Salud. Le dijeron que esas ya contaban con m\u00e9dico.<\/p>\n<p class=\"western\" style=\"text-align: justify;\">Se le pregunt\u00f3 de d\u00f3nde proven\u00eda el pollo que vend\u00edan en la Casa Amarilla. \u201cSupongo que de alguna poller\u00eda\u201d. Respondi\u00f3.<\/p>\n<p class=\"western\" style=\"text-align: justify;\">En cuanto al n\u00famero de habitantes que cuentan con casa propia, rentada o prestada, grado de instrucci\u00f3n de los elementos policiacos, cu\u00e1ntos elementos existen por turno, entre otras cosas tambi\u00e9n fueron tema de preguntas que se respondieron al final por los moderadores ante la falta de respuesta.<\/p>\n<p class=\"western\" style=\"text-align: justify;\">El Doctor Cuauht\u00e9moc dijo que hacer pol\u00edtica es hacer acuerdos, crear di\u00e1logos, hasta disentir y que en cuanto a los otros dos candidatos que faltaron, el del PANAL nunca contest\u00f3 y el de Conciencia Popular contest\u00f3 demasiado tarde.<\/p>\n<p class=\"western\" style=\"text-align: justify;\">El ejercicio pol\u00edtico termin\u00f3 despu\u00e9s de las 12:30 del d\u00eda. Cuando salimos nos dimos cuenta de la gran algarab\u00eda que armaban algunos conductores de veh\u00edculos ante el triunfo de la selecci\u00f3n mexicana.<\/p>\n<p class=\"western\" style=\"text-align: justify;\">Las aspirantes tuvieron de similar que aun no cuentan con los nombres para los cargos de primer nivel.<\/p>\n","protected":false},"excerpt":{"rendered":"<p>&nbsp; Aspirantes a la alcald\u00eda respondieron de forma parcial a las preguntas del ejercicio que foment\u00f3 la participaci\u00f3n ciudadana Por FRANCISCO VALERO.- El domingo 17 de junio, el grupo denominado&#8230;<\/p>\n","protected":false},"author":1,"featured_media":11729,"comment_status":"closed","ping_status":"open","sticky":false,"template":"","format":"standard","meta":{"footnotes":""},"categories":[483,486,463],"tags":[],"class_list":["post-11724","post","type-post","status-publish","format-standard","has-post-thumbnail","hentry","category-cultura","category-educacion","category-politica","entry","simple"],"_links":{"self":[{"href":"https:\/\/www.plurinominal.com.mx\/index.php?rest_route=\/wp\/v2\/posts\/11724","targetHints":{"allow":["GET"]}}],"collection":[{"href":"https:\/\/www.plurinominal.com.mx\/index.php?rest_route=\/wp\/v2\/posts"}],"about":[{"href":"https:\/\/www.plurinominal.com.mx\/index.php?rest_route=\/wp\/v2\/types\/post"}],"author":[{"embeddable":true,"href":"https:\/\/www.plurinominal.com.mx\/index.php?rest_route=\/wp\/v2\/users\/1"}],"replies":[{"embeddable":true,"href":"https:\/\/www.plurinominal.com.mx\/index.php?rest_route=%2Fwp%2Fv2%2Fcomments&post=11724"}],"version-history":[{"count":0,"href":"https:\/\/www.plurinominal.com.mx\/index.php?rest_route=\/wp\/v2\/posts\/11724\/revisions"}],"wp:featuredmedia":[{"embeddable":true,"href":"https:\/\/www.plurinominal.com.mx\/index.php?rest_route=\/wp\/v2\/media\/11729"}],"wp:attachment":[{"href":"https:\/\/www.plurinominal.com.mx\/index.php?rest_route=%2Fwp%2Fv2%2Fmedia&parent=11724"}],"wp:term":[{"taxonomy":"category","embeddable":true,"href":"https:\/\/www.plurinominal.com.mx\/index.php?rest_route=%2Fwp%2Fv2%2Fcategories&post=11724"},{"taxonomy":"post_tag","embeddable":true,"href":"https:\/\/www.plurinominal.com.mx\/index.php?rest_route=%2Fwp%2Fv2%2Ftags&post=11724"}],"curies":[{"name":"wp","href":"https:\/\/api.w.org\/{rel}","templated":true}]}}