{"id":1176,"date":"2012-01-02T16:46:35","date_gmt":"2012-01-02T22:46:35","guid":{"rendered":"http:\/\/www.plurinominal.com.mx\/?p=1176"},"modified":"2012-01-02T16:46:35","modified_gmt":"2012-01-02T22:46:35","slug":"dan-de-alta-a-famoso-cerritense-que-daban-por-fallecido","status":"publish","type":"post","link":"https:\/\/www.plurinominal.com.mx\/?p=1176","title":{"rendered":"Dan de alta a famoso cerritense que daban por fallecido"},"content":{"rendered":"<p>Cerritos estuvo al pendiente sobre estado de salud del \u201cRonco\u201d<\/p>\n<p>Del equipo de redacci\u00f3n<br \/>\nLos detalles de salud del famoso cerritense apodado \u201cEl Ronco\u201d, despertaron curiosidad en amplios sectores de la poblaci\u00f3n.<br \/>\nMucho se coment\u00f3 en el d\u00eda de los Santos Inocentes sobre la partida de este querido cerritense.<br \/>\nPlurinominal quiso confirmar el rumor en el sitio de internet pero nadie revel\u00f3 datos.<br \/>\nTrascendi\u00f3 que todo obedeci\u00f3 a que se le vio sumamente tomado. Como saldo de sus borracheras \u2014las que tiene prohibidas por instrucciones m\u00e9dicas\u2014 se le vio tirado en la calle con un fuerte golpe en el rostro.<br \/>\nPor eso fue trasladado de urgencia a la sala especializada del IMSS.<br \/>\nEl d\u00eda en que se conoci\u00f3 el fallecimiento de un conocido profesor que alguna vez estuviera a cargo de Protecci\u00f3n Civil, circul\u00f3 tambi\u00e9n el rumor del fallecimiento del hermano del \u201cMiguelillo\u201d.<br \/>\nPersonal de ese centro de salud, explic\u00f3 a Plurinominal que Javier ingres\u00f3 con un fuerte golpe en la cara, agonizando.<br \/>\nSu estado se complic\u00f3 debido a que padece diabetes, \u2014por este motivo se le amput\u00f3 parte de un tobillo meses atr\u00e1s\u2014.<br \/>\nAl d\u00eda siguiente, en que lleg\u00f3 el paciente un hermano del \u201cRonco\u201d tambi\u00e9n fue ingresado, pero \u00e9ste fue dado de alta m\u00e1s pronto que el primero.<br \/>\nIngenuo el se\u00f1or Quintero porque al ver que el \u201cRonco\u201d estaba recibiendo suero, tom\u00f3 el recipiente con el l\u00edquido y se lo quiso dar a beber previo orificio que intent\u00f3 hacerle al pl\u00e1stico, \u201cpara que Javier tambi\u00e9n fuera dado de alta\u201d.<br \/>\nComo castigo, personal m\u00e9dico dej\u00f3 al hermano en la instituci\u00f3n para que cuidara al \u201cRonco\u201d, quien fue dado de alta este 31 de diciembre.<\/p>\n","protected":false},"excerpt":{"rendered":"<p>Cerritos estuvo al pendiente sobre estado de salud del \u201cRonco\u201d Del equipo de redacci\u00f3n Los detalles de salud del famoso cerritense apodado \u201cEl Ronco\u201d, despertaron curiosidad en amplios sectores de&#8230;<\/p>\n","protected":false},"author":1,"featured_media":0,"comment_status":"closed","ping_status":"open","sticky":false,"template":"","format":"standard","meta":{"footnotes":""},"categories":[3],"tags":[],"class_list":["post-1176","post","type-post","status-publish","format-standard","hentry","category-cerritos","entry","simple"],"_links":{"self":[{"href":"https:\/\/www.plurinominal.com.mx\/index.php?rest_route=\/wp\/v2\/posts\/1176","targetHints":{"allow":["GET"]}}],"collection":[{"href":"https:\/\/www.plurinominal.com.mx\/index.php?rest_route=\/wp\/v2\/posts"}],"about":[{"href":"https:\/\/www.plurinominal.com.mx\/index.php?rest_route=\/wp\/v2\/types\/post"}],"author":[{"embeddable":true,"href":"https:\/\/www.plurinominal.com.mx\/index.php?rest_route=\/wp\/v2\/users\/1"}],"replies":[{"embeddable":true,"href":"https:\/\/www.plurinominal.com.mx\/index.php?rest_route=%2Fwp%2Fv2%2Fcomments&post=1176"}],"version-history":[{"count":0,"href":"https:\/\/www.plurinominal.com.mx\/index.php?rest_route=\/wp\/v2\/posts\/1176\/revisions"}],"wp:attachment":[{"href":"https:\/\/www.plurinominal.com.mx\/index.php?rest_route=%2Fwp%2Fv2%2Fmedia&parent=1176"}],"wp:term":[{"taxonomy":"category","embeddable":true,"href":"https:\/\/www.plurinominal.com.mx\/index.php?rest_route=%2Fwp%2Fv2%2Fcategories&post=1176"},{"taxonomy":"post_tag","embeddable":true,"href":"https:\/\/www.plurinominal.com.mx\/index.php?rest_route=%2Fwp%2Fv2%2Ftags&post=1176"}],"curies":[{"name":"wp","href":"https:\/\/api.w.org\/{rel}","templated":true}]}}