{"id":11780,"date":"2018-06-14T19:08:24","date_gmt":"2018-06-15T00:08:24","guid":{"rendered":"http:\/\/www.plurinominal.com.mx\/?p=11780"},"modified":"2018-06-23T19:09:28","modified_gmt":"2018-06-24T00:09:28","slug":"eventos-culturales-en-la-ferece-2018","status":"publish","type":"post","link":"https:\/\/www.plurinominal.com.mx\/?p=11780","title":{"rendered":"Eventos culturales en la FERECE 2018"},"content":{"rendered":"<ul>\n<li class=\"western\" style=\"text-align: justify;\"><span style=\"font-size: 12pt;\">Aparte de los grupos de renombre, Teatro del Pueblo contempla actuaciones estelares del 17 al 29 de junio<\/span><\/li>\n<\/ul>\n<p class=\"western\" style=\"text-align: justify;\"><span style=\"font-size: 12pt;\">MARCO SERNA Y FRANCISCO VALERO<\/span><\/p>\n<p class=\"western\" style=\"text-align: justify;\"><span style=\"font-size: 12pt;\">Personas han declarado que no tienen dinero para acudir todos los d\u00edas a la feria regional de Cerritos.<\/span><\/p>\n<p class=\"western\" style=\"text-align: justify;\"><span style=\"font-size: 12pt;\">Vecinos como Pedro Reyes Tovar, conocido como \u201cPerraco\u201d, lamentaron los precios de entrada, porque as\u00ed como \u00e9l hay otros que no ajustan para ir a diario.<\/span><\/p>\n<p class=\"western\" style=\"text-align: justify;\"><span style=\"font-size: 12pt;\">Es cierto que los ni\u00f1os pagan un precio especial, pero los padres no cuentan con dinero para pagar sus entradas, disfruten de los dem\u00e1s espect\u00e1culos o no.<\/span><\/p>\n<p class=\"western\" style=\"text-align: justify;\"><span style=\"font-size: 12pt;\">Sin embargo existe la opci\u00f3n de admirar el Teatro del Pueblo en honor a San Juan Bautista, escenario que se instala en la zona centro.<\/span><\/p>\n<p class=\"western\" style=\"text-align: justify;\"><span style=\"font-size: 12pt;\">Plurinominal confirm\u00f3 que la FERECE contar\u00e1 con eventos culturales del 17 al 29 de junio, entonces adem\u00e1s de grupos de renombre existir\u00e1n otras opciones para presenciar los actos de instituciones educativas, grupos de m\u00fasica regional y bailables.<\/span><\/p>\n<p class=\"western\" style=\"text-align: justify;\"><span style=\"font-size: 12pt;\">Los cobros de entrada comienzan desde el certamen Se\u00f1orita FERECE.<\/span><\/p>\n<p class=\"western\" style=\"text-align: justify;\"><span style=\"font-size: 12pt;\">Al respecto, la organizaci\u00f3n dijo que se descargar\u00e1n tres tr\u00e1ileres con equipo de audio e iluminaci\u00f3n, para un mejor espect\u00e1culo.<\/span><\/p>\n<p class=\"western\" style=\"text-align: justify;\"><span style=\"font-size: 12pt;\">Respecto a los cobros, reconocen que \u201cse est\u00e1n arriesgando\u201d, porque los grupos cobran caro y no es seguro que se recupere la inversi\u00f3n dado que se ha pronosticado una temporada de lluvias intensas, lo que \u201cespanta a la gente\u201d.<\/span><\/p>\n<p class=\"western\" style=\"text-align: justify;\"><span style=\"font-size: 12pt;\">Asimismo se garantizar\u00e1 la seguridad de quienes asistan puesto que ya se ha pedido apoyo a corporaciones de polic\u00eda.<\/span><\/p>\n","protected":false},"excerpt":{"rendered":"<p>Aparte de los grupos de renombre, Teatro del Pueblo contempla actuaciones estelares del 17 al 29 de junio MARCO SERNA Y FRANCISCO VALERO Personas han declarado que no tienen dinero&#8230;<\/p>\n","protected":false},"author":1,"featured_media":11765,"comment_status":"closed","ping_status":"open","sticky":false,"template":"","format":"standard","meta":{"footnotes":""},"categories":[3,483,486,484,485],"tags":[],"class_list":["post-11780","post","type-post","status-publish","format-standard","has-post-thumbnail","hentry","category-cerritos","category-cultura","category-educacion","category-espectaculos","category-sociales","entry","simple"],"_links":{"self":[{"href":"https:\/\/www.plurinominal.com.mx\/index.php?rest_route=\/wp\/v2\/posts\/11780","targetHints":{"allow":["GET"]}}],"collection":[{"href":"https:\/\/www.plurinominal.com.mx\/index.php?rest_route=\/wp\/v2\/posts"}],"about":[{"href":"https:\/\/www.plurinominal.com.mx\/index.php?rest_route=\/wp\/v2\/types\/post"}],"author":[{"embeddable":true,"href":"https:\/\/www.plurinominal.com.mx\/index.php?rest_route=\/wp\/v2\/users\/1"}],"replies":[{"embeddable":true,"href":"https:\/\/www.plurinominal.com.mx\/index.php?rest_route=%2Fwp%2Fv2%2Fcomments&post=11780"}],"version-history":[{"count":0,"href":"https:\/\/www.plurinominal.com.mx\/index.php?rest_route=\/wp\/v2\/posts\/11780\/revisions"}],"wp:featuredmedia":[{"embeddable":true,"href":"https:\/\/www.plurinominal.com.mx\/index.php?rest_route=\/wp\/v2\/media\/11765"}],"wp:attachment":[{"href":"https:\/\/www.plurinominal.com.mx\/index.php?rest_route=%2Fwp%2Fv2%2Fmedia&parent=11780"}],"wp:term":[{"taxonomy":"category","embeddable":true,"href":"https:\/\/www.plurinominal.com.mx\/index.php?rest_route=%2Fwp%2Fv2%2Fcategories&post=11780"},{"taxonomy":"post_tag","embeddable":true,"href":"https:\/\/www.plurinominal.com.mx\/index.php?rest_route=%2Fwp%2Fv2%2Ftags&post=11780"}],"curies":[{"name":"wp","href":"https:\/\/api.w.org\/{rel}","templated":true}]}}