{"id":11791,"date":"2018-06-23T19:27:57","date_gmt":"2018-06-24T00:27:57","guid":{"rendered":"http:\/\/www.plurinominal.com.mx\/?p=11791"},"modified":"2018-06-23T19:28:36","modified_gmt":"2018-06-24T00:28:36","slug":"cerritos-tiene-reglamento-para-proteccion-del-medio-ambiente","status":"publish","type":"post","link":"https:\/\/www.plurinominal.com.mx\/?p=11791","title":{"rendered":"Cerritos tiene reglamento para protecci\u00f3n del medio ambiente"},"content":{"rendered":"<ul>\n<li class=\"western\" lang=\"es-ES\" style=\"text-align: justify;\">Se orden\u00f3 la publicaci\u00f3n en el peri\u00f3dico oficial del estado<\/li>\n<li class=\"western\" lang=\"es-ES\" style=\"text-align: justify;\">Fue presentado por el regidor del PVEM y la Direcci\u00f3n de Ecolog\u00eda<\/li>\n<\/ul>\n<p class=\"western\" lang=\"es-ES\" style=\"text-align: justify;\"><strong><span style=\"font-size: 10pt; font-family: 'trebuchet ms', geneva, sans-serif;\">Por MARCO SERNA.-<\/span><\/strong> El Honorable Ayuntamiento de Cerritos, el Regidor de Ecolog\u00eda Carlos Alberto Ruiz P\u00e9rez, as\u00ed como la Direcci\u00f3n de Ecolog\u00eda, Ingeniero Ricardo Cruz llevaron a cabo reglamento para la protecci\u00f3n del medio ambiente y ecolog\u00eda, documento que aplica para el municipio.<\/p>\n<p class=\"western\" lang=\"es-ES\" style=\"text-align: justify;\">Entrevistado, Carlos Ruiz dijo que el reglamento ya fue autorizado por el Honorable Cabildo desde el d\u00eda 7 de febrero del a\u00f1o en curso.<\/p>\n<p class=\"western\" lang=\"es-ES\" style=\"text-align: justify;\">Explic\u00f3 que para los efectos legales se realiz\u00f3 la promulgaci\u00f3n y se orden\u00f3 la publicaci\u00f3n en el peri\u00f3dico oficial del estado, la cual se encuentra en tr\u00e1mite.<\/p>\n<p class=\"western\" lang=\"es-ES\" style=\"text-align: justify;\">Dijo que el presente ordenamiento tiene como objetivo principal, reglamentar lo relacionado con la materia ambiental en el municipio, as\u00ed como otorgar certeza legal a todos los actos administrativos en materia de ecolog\u00eda y medio ambiente que realice el Honorable Ayuntamiento a trav\u00e9s de la Direcci\u00f3n de Ecolog\u00eda.<\/p>\n<p class=\"western\" lang=\"es-ES\" style=\"text-align: justify;\">Asimismo, con esta normatividad se promover\u00e1 entre los habitantes de Cerritos la educaci\u00f3n y el cuidado por el medio ambiente con la finalidad de protegerlo y mantener el equilibrio ecol\u00f3gico.<\/p>\n<p class=\"western\" lang=\"es-ES\" style=\"text-align: justify;\">El reglamento de ecolog\u00eda contribuir\u00e1 a desarrollar una labor preventiva sobre el desarrollo urbano y ambiental, ayudar\u00e1 a la concientizaci\u00f3n ciudadana en la preservaci\u00f3n de recursos naturales y beneficios.<\/p>\n<p class=\"western\" lang=\"es-ES\" style=\"text-align: justify;\">Dentro del reglamento de ecolog\u00eda y medio ambiente, en el t\u00edtulo cuarto, en los art\u00edculos 12 al 15 se incluye a la ciudadan\u00eda de Cerritos para la formaci\u00f3n de un consejo municipal de ecolog\u00eda y protecci\u00f3n al medio ambiente el cual dentro de sus facultades tiene por tarea la elaboraci\u00f3n de propuestas para estudio, ense\u00f1anza y divulgaci\u00f3n de la protecci\u00f3n ambiental en el \u00e1mbito municipal.<\/p>\n<p class=\"western\" lang=\"es-ES\" style=\"text-align: justify;\">Asimismo se intenta que este consejo sea el enlace directo entre el particular y autoridades municipales.<\/p>\n<p class=\"western\" lang=\"es-ES\" style=\"text-align: justify;\">El reglamento tambi\u00e9n otorga a este consejo otras facultades.<\/p>\n","protected":false},"excerpt":{"rendered":"<p>Se orden\u00f3 la publicaci\u00f3n en el peri\u00f3dico oficial del estado Fue presentado por el regidor del PVEM y la Direcci\u00f3n de Ecolog\u00eda Por MARCO SERNA.- El Honorable Ayuntamiento de Cerritos,&#8230;<\/p>\n","protected":false},"author":1,"featured_media":11792,"comment_status":"closed","ping_status":"open","sticky":false,"template":"","format":"standard","meta":{"footnotes":""},"categories":[3,483,486],"tags":[],"class_list":["post-11791","post","type-post","status-publish","format-standard","has-post-thumbnail","hentry","category-cerritos","category-cultura","category-educacion","entry","simple"],"_links":{"self":[{"href":"https:\/\/www.plurinominal.com.mx\/index.php?rest_route=\/wp\/v2\/posts\/11791","targetHints":{"allow":["GET"]}}],"collection":[{"href":"https:\/\/www.plurinominal.com.mx\/index.php?rest_route=\/wp\/v2\/posts"}],"about":[{"href":"https:\/\/www.plurinominal.com.mx\/index.php?rest_route=\/wp\/v2\/types\/post"}],"author":[{"embeddable":true,"href":"https:\/\/www.plurinominal.com.mx\/index.php?rest_route=\/wp\/v2\/users\/1"}],"replies":[{"embeddable":true,"href":"https:\/\/www.plurinominal.com.mx\/index.php?rest_route=%2Fwp%2Fv2%2Fcomments&post=11791"}],"version-history":[{"count":0,"href":"https:\/\/www.plurinominal.com.mx\/index.php?rest_route=\/wp\/v2\/posts\/11791\/revisions"}],"wp:featuredmedia":[{"embeddable":true,"href":"https:\/\/www.plurinominal.com.mx\/index.php?rest_route=\/wp\/v2\/media\/11792"}],"wp:attachment":[{"href":"https:\/\/www.plurinominal.com.mx\/index.php?rest_route=%2Fwp%2Fv2%2Fmedia&parent=11791"}],"wp:term":[{"taxonomy":"category","embeddable":true,"href":"https:\/\/www.plurinominal.com.mx\/index.php?rest_route=%2Fwp%2Fv2%2Fcategories&post=11791"},{"taxonomy":"post_tag","embeddable":true,"href":"https:\/\/www.plurinominal.com.mx\/index.php?rest_route=%2Fwp%2Fv2%2Ftags&post=11791"}],"curies":[{"name":"wp","href":"https:\/\/api.w.org\/{rel}","templated":true}]}}