{"id":11811,"date":"2018-06-28T16:52:37","date_gmt":"2018-06-28T21:52:37","guid":{"rendered":"http:\/\/www.plurinominal.com.mx\/?p=11811"},"modified":"2018-06-28T17:03:29","modified_gmt":"2018-06-28T22:03:29","slug":"agua-escuelas-y-administracion","status":"publish","type":"post","link":"https:\/\/www.plurinominal.com.mx\/?p=11811","title":{"rendered":"Agua, escuelas y administraci\u00f3n"},"content":{"rendered":"<blockquote>\n<p class=\"western\" lang=\"es-ES\" style=\"text-align: justify;\"><strong><em><span style=\"font-size: 12pt;\">Salvador Nieto Ch\u00e1vez fungi\u00f3 como alcalde municipal en el trienio 1971-1973 con una edad de apenas 25 a\u00f1os, lo que lo convierte en el presidente m\u00e1s joven que Cerritos ha tenido a la fecha. En esta entrevista nos explica sobre algunas obras relevantes relacionadas con el sistema de agua potable as\u00ed como la edificaci\u00f3n de escuelas, acciones que actualmente perduran y que a todos nos siguen beneficiando. De igual modo cita datos administrativos.<\/span><\/em><\/strong><\/p>\n<\/blockquote>\n<p class=\"western\" lang=\"es-ES\" style=\"text-align: justify;\"><strong><span style=\"font-size: 10pt; font-family: 'trebuchet ms', geneva, sans-serif;\">Por MARCO SERNA.-&nbsp;<\/span><\/strong><span style=\"font-size: 12pt;\">Agua y educaci\u00f3n son temas indispensables para el desarrollo de una sociedad. Enfocados en \u00e9stos, y al relacionarlos con la administraci\u00f3n p\u00fablica de Cerritos optamos por hablar con el Profesor Salvador Nieto Ch\u00e1vez, quien explic\u00f3 detalles relacionados con su gesti\u00f3n como alcalde municipal de Cerritos en el trienio 1971-1973 que sucedi\u00f3 al Profesor V\u00edctor Guerrero Flores.<\/span><\/p>\n<p class=\"western\" lang=\"es-ES\" style=\"text-align: justify;\"><span style=\"font-size: 12pt;\">Primero hablamos del agua. Una sustancia esencial e imprescindible para el origen y la supervivencia de la gran mayor\u00eda de todas las formas conocidas de vida. <\/span><\/p>\n<p class=\"western\" lang=\"es-ES\" style=\"text-align: justify;\"><span style=\"font-size: 12pt;\">Durante las \u00faltimas administraciones hemos sido testigos del reclamo de la ciudadan\u00eda por contar con una distribuci\u00f3n escasa del l\u00edquido, servicio que hoy es administrado por el Organismo Paramunicipal de Agua Potable y Alcantarillado de Cerritos. Las excusas de la directiva est\u00e1n centradas en fallas en el sistema de bombeo, pero m\u00e1s all\u00e1 del problema actual, es bueno conocer la historia de los pozos con que Cerritos cuenta.<\/span><\/p>\n<p class=\"western\" lang=\"es-ES\" style=\"text-align: justify;\"><span style=\"font-size: 12pt;\">Seg\u00fan el Profesor, de cuando ni\u00f1o, La Pila ubicada en el barrio con el mismo nombre ya estaba construida.<\/span><\/p>\n<p class=\"western\" lang=\"es-ES\" style=\"text-align: justify;\"><span style=\"font-size: 12pt;\">Pero la estructura que pudo ser edificada entre 1950 y 1955, no era suficiente para abastecer de agua a nuestra comunidad con el pozo de La Estaci\u00f3n o con el de la calle 5 de Mayo, que en un inicio daba 13 litros por segundo.<\/span><\/p>\n<p class=\"western\" lang=\"es-ES\" style=\"text-align: justify;\"><span style=\"font-size: 12pt;\">Sobre el \u00faltimo pozo, el profesor dijo que \u00abel presidente municipal don Emilio Compe\u00e1n (1959-1961), ten\u00eda un hermano, Erasmo Compe\u00e1n, quien se preocupaba mucho por el pueblo\u00bb. <\/span><\/p>\n<p class=\"western\" lang=\"es-ES\" style=\"text-align: justify;\"><span style=\"font-size: 12pt;\">Erasmo era compadre de Alfredo del Mazo V\u00e9lez, quien a su vez ten\u00eda buena relaci\u00f3n con el Presidente de la Rep\u00fablica Adolfo L\u00f3pez Mateos. En 1958 fue designado por este, titular de la Secretar\u00eda de Recursos Hidr\u00e1ulicos, cargo en el que permaneci\u00f3 todo el sexenio. Alfredo del Mazo V\u00e9lez hab\u00eda sido Gobernador del Estado de M\u00e9xico de 1945 a 1951.<\/span><\/p>\n<p class=\"western\" lang=\"es-ES\" style=\"text-align: justify;\"><span style=\"font-size: 12pt;\">Erasmo Compe\u00e1n contact\u00f3 con del Mazo a quien fueron a ver para lograr gestiones y cavar el pozo, \u00abde aproximadamente 180 y tantos metros\u00bb. <\/span><\/p>\n<p class=\"western\" lang=\"es-ES\" style=\"text-align: justify;\"><span style=\"font-size: 12pt;\">Se hicieron muchas pruebas. Aunque rend\u00eda poco, se fueron extendiendo las l\u00edneas de conducci\u00f3n, \u00abtomas aqu\u00ed y tomas all\u00e1, en fin\u00bb.<\/span><\/p>\n<p class=\"western\" lang=\"es-ES\" style=\"text-align: justify;\"><span style=\"font-size: 12pt;\">\u00abCuando ya terminan el pozo, una comitiva \u2013en donde iban Emilio y Erasmo\u2013 acudi\u00f3 con don Alfredo del Mazo para agradecerle. Se cuenta que llegaron a su oficina en la Ciudad de M\u00e9xico con artesan\u00edas y antojitos t\u00edpicos de Cerritos, lo que conmovi\u00f3 al pol\u00edtico.<\/span><\/p>\n<p class=\"western\" lang=\"es-ES\" style=\"text-align: justify;\"><span style=\"font-size: 12pt;\">\u00abMi t\u00edo Fidel Nieto anduvo ah\u00ed\u00bb, y le platic\u00f3 que el funcionario se conmovi\u00f3, pues \u00abestaban por salir\u00bb, y la administraci\u00f3n federal hab\u00eda ordenado cavar cientos de pozos en todo el pa\u00eds, siendo la comitiva cerritense la primera -y tal vez \u00fanica- en agradecerles con tal efusividad.<\/span><\/p>\n<p class=\"western\" lang=\"es-ES\" style=\"text-align: justify;\"><span style=\"font-size: 12pt;\">Se lleg\u00f3 el momento en que el maestro tom\u00f3 el cargo de Presidente Municipal, y sabiendo de la necesidad que Cerritos ten\u00eda de agua potable, acudi\u00f3 personalmente a la Ciudad de M\u00e9xico, a la Secretar\u00eda de Recursos Hidr\u00e1ulicos (SRH), ahora teniendo como Secretario a Leandro Rovirosa Wade, del Gabinete de Luis Echeverr\u00eda \u00c1lvarez.<\/span><\/p>\n<p class=\"western\" lang=\"es-ES\" style=\"text-align: justify;\"><span style=\"font-size: 12pt;\">El funcionario se qued\u00f3 sorprendido al mirar la juventud del profesor.<\/span><\/p>\n<p class=\"western\" lang=\"es-ES\" style=\"text-align: justify;\"><span style=\"font-size: 12pt;\">\u00abTen\u00eda entonces 26 o 27 a\u00f1os, no me cre\u00edan que era presidente\u00bb. Indic\u00f3 el maestro.<\/span><\/p>\n<p class=\"western\" lang=\"es-ES\" style=\"text-align: justify;\"><span style=\"font-size: 12pt;\">\u00abResulta que don Leandro me dijo que me vendr\u00eda a visitar. Pues un buen d\u00eda me llama el gobernador Antonio Rocha Cordero, para avisarme de la visita de Wade, me dijo que vendr\u00eda atendiendo a la invitaci\u00f3n que le hab\u00eda hecho yo\u00bb.<\/span><\/p>\n<blockquote>\n<p lang=\"es-ES\"><strong><em><span style=\"font-size: 12pt;\">Se lleg\u00f3 el momento en que el maestro tom\u00f3 el cargo de Presidente Municipal, y sabiendo de la necesidad que Cerritos ten\u00eda de agua potable, acudi\u00f3 personalmente a la Ciudad de M\u00e9xico, a la Secretar\u00eda de Recursos Hidr\u00e1ulicos (SRH), ahora teniendo como Secretario a Leandro Rovirosa Wade, del Gabinete de Luis Echeverr\u00eda \u00c1lvarez.<\/span><\/em><\/strong><\/p>\n<\/blockquote>\n<p class=\"western\" lang=\"es-ES\" style=\"text-align: justify;\"><span style=\"font-size: 12pt;\">Salvador Nieto se acuerda que el funcionario tendr\u00eda unos 40 a\u00f1os, a quien fueron a esperar al entronque. \u00abLleg\u00f3 en un camioncito, ah\u00ed me sent\u00e9 junto con don Leandro y don Antonio, nom\u00e1s yo me sub\u00ed, el personal del ayuntamiento iba pero se regresaron en otros carros\u00bb, recuerda.<\/span><\/p>\n<p class=\"western\" lang=\"es-ES\" style=\"text-align: justify;\"><span style=\"font-size: 12pt;\">\u00abVen\u00edan como diez muchachos ah\u00ed en el camioncito, as\u00ed como un t\u00e9cnico mayor, un ingeniero Leser de origen alem\u00e1n, quien dio indicaciones para encontrar agua\u00bb.<\/span><\/p>\n<figure id=\"attachment_11813\" aria-describedby=\"caption-attachment-11813\" style=\"width: 145px\" class=\"wp-caption alignright\"><a href=\"https:\/\/www.plurinominal.com.mx\/?attachment_id=11813\" rel=\"attachment wp-att-11813\"><img loading=\"lazy\" decoding=\"async\" class=\"wp-image-11813 size-thumbnail\" src=\"https:\/\/www.plurinominal.com.mx\/wp-content\/uploads\/Captura-de-pantalla-2018-06-28-a-las-16.47.57-145x150.png\" alt=\"\" width=\"145\" height=\"150\"><\/a><figcaption id=\"caption-attachment-11813\" class=\"wp-caption-text\"><span style=\"font-size: 10pt;\"><strong><span style=\"font-family: 'trebuchet ms', geneva, sans-serif;\">Leandro Rovirosa Wade, Secretario de Recursos Hidr\u00e1ulicos del Gabinete de Luis Echeverr\u00eda \u00c1lvarez.<\/span><\/strong><\/span><\/figcaption><\/figure>\n<p class=\"western\" lang=\"es-ES\" style=\"text-align: justify;\"><span style=\"font-size: 12pt;\">\u00abF\u00edjense en las rocas, son las que nos van a dar el agua\u00bb, dijo el Ingeniero, luego examinaron la cantidad de piedra caliza, solicitaron informes en presidencia en cuanto al suelo, entonces el Ingeniero orden\u00f3 al personal que se encaminara rumbo a Mezquites.<\/span><\/p>\n<p class=\"western\" lang=\"es-ES\" style=\"text-align: justify;\"><span style=\"font-size: 12pt;\">\u00abLuego luego encontraron el agua\u00bb. Record\u00f3 el Profesor, \u00abse hicieron como 3 o 4 pozos que dieron 60 litros por segundo, a cien metros de profundidad\u00bb.<\/span><\/p>\n<p class=\"western\" lang=\"es-ES\" style=\"text-align: justify;\"><span style=\"font-size: 12pt;\">Se hizo el aforo. \u00abEl espejo del agua estaba a 20 metros, relativamente encima\u00bb, manifest\u00f3 el profesor. <\/span><\/p>\n<p class=\"western\" lang=\"es-ES\" style=\"text-align: justify;\"><span style=\"font-size: 12pt;\">Tambi\u00e9n record\u00f3 que Jos\u00e9 E. Cabrera (1977-1979) vendr\u00eda a hacer un contrato con Villa Ju\u00e1rez por 25 o 30 a\u00f1os.<\/span><\/p>\n<p class=\"western\" lang=\"es-ES\" style=\"text-align: justify;\"><span style=\"font-size: 12pt;\">Es por eso que ellos tienen el agua conectada para todas las comunidades de all\u00e1, aunque la principal distribuci\u00f3n siempre debe de ser con Cerritos. Reconoci\u00f3.<\/span><\/p>\n<p class=\"western\" lang=\"es-ES\" style=\"text-align: justify;\"><span style=\"font-size: 12pt;\">\u00abEsas gentes de la Secretar\u00eda de Recursos Hidr\u00e1ulicos me trataron tan bien que me dieron margen para desenvolverme, incluso Rocha Cordero me autoriz\u00f3 a ir a la ciudad de M\u00e9xico tantas veces fuera posible para gestionar lo necesario, me dijo que me comunicara con \u00e9l a su casa ante cualquier problema\u00bb. Nieto Ch\u00e1vez quien recuerda que el gobierno federal y estatal facilitaron lo adecuado para traer tuber\u00eda de calidad y extenderla por toda la cabecera, sin embargo al t\u00e9rmino de su gesti\u00f3n los tubos no se aprovecharon. <\/span><\/p>\n<p class=\"western\" lang=\"es-ES\" style=\"text-align: justify;\"><span style=\"font-size: 12pt;\">\u00abMe dejaron aqu\u00ed toda la tuber\u00eda del pueblo que faltaba, toda. Se la llevaron porque nadie hizo nada\u00bb. <\/span><\/p>\n<p class=\"western\" lang=\"es-ES\" style=\"text-align: justify;\"><span style=\"font-size: 12pt;\">El maestro conoce que pocas veces el OPAPCE ha reportado cifras favorables, lo que lament\u00f3, porque sabe que el gobierno no facilita lo necesario para un correcto funcionamiento.<\/span><\/p>\n<p class=\"western\" lang=\"es-ES\" style=\"text-align: justify;\"><span style=\"font-size: 12pt;\">Se\u00f1al\u00f3 que Acci\u00f3n Nacional, en los trienios que ha ocupado el poder tampoco ha podido resolver el desabasto. <\/span><\/p>\n<p class=\"western\" lang=\"es-ES\" style=\"text-align: justify;\"><span style=\"font-size: 12pt;\">Asegur\u00f3 que los pozos pueden ser aprovechados por sus 60 litros por segundo. Para dar una idea, explic\u00f3 que con \u201cun segundo en agua rodada\u201d es suficiente para regar una hect\u00e1rea, entonces contamos con lo necesario para abastecer de agua a todo el pueblo.<\/span><\/p>\n<p class=\"western\" lang=\"es-ES\" style=\"text-align: justify;\"><span style=\"font-size: 12pt;\">Asimismo narr\u00f3 que existe un pozo tapado que no se afor\u00f3 porque \u201cel que lo iba a aforar se casaba el fin de semana y tuvo qu\u00e9 irse\u201d. La excusa que se dijo es que el pozo no serv\u00eda, y as\u00ed se qued\u00f3, \u00abpero hay otro pozo en Mezquites, es ese\u00bb. Revel\u00f3 el docente.<\/span><\/p>\n<h2 class=\"western\" lang=\"es-ES\" style=\"text-align: justify;\"><span style=\"font-size: 12pt;\"><b>Escuelas p\u00fablicas y administraci\u00f3n<\/b><\/span><\/h2>\n<p class=\"western\" lang=\"es-ES\" style=\"text-align: justify;\"><span style=\"font-size: 12pt;\">Salvador Nieto Ch\u00e1vez record\u00f3 que a su llegada, en la alcald\u00eda antecesores hab\u00edan solicitado un cr\u00e9dito para la creaci\u00f3n del mercado municipal.<\/span><\/p>\n<p class=\"western\" lang=\"es-ES\" style=\"text-align: justify;\"><span style=\"font-size: 12pt;\">El ayuntamiento mantuvo la deuda con el Banco Nacional de Obras y Servicios P\u00fablicos (BANOBRAS), sin embargo no dieron ning\u00fan abono. Como alcalde sab\u00eda la prioridad de saldar la cantidad.<\/span><\/p>\n<p class=\"western\" lang=\"es-ES\" style=\"text-align: justify;\"><span style=\"font-size: 12pt;\">Recuerda el maestro la cifra de los abonos, \u201c6 mil 180 pesos con 81 centavos&#8230; eran las congojas de cada mes\u00bb.<\/span><\/p>\n<p class=\"western\" lang=\"es-ES\" style=\"text-align: justify;\"><span style=\"font-size: 12pt;\">\u00abEse dinero se supone que se pidi\u00f3 para hacer todo el mercado municipal, pero solo acabaron la mitad\u00bb. Dijo el ex presidente, quien a\u00f1ade que por tratos de los mismos funcionarios, algunos predios del mercado comenzaron a destinarse a particulares.<\/span><\/p>\n<p class=\"western\" lang=\"es-ES\" style=\"text-align: justify;\"><span style=\"font-size: 12pt;\">En 1971 Cerritos no ten\u00eda escuelas con estructura.<\/span><\/p>\n<p class=\"western\" lang=\"es-ES\" style=\"text-align: justify;\"><span style=\"font-size: 12pt;\">La Rafael Nieto se comenz\u00f3 con 12 aulas, donde se invirti\u00f3 un mill\u00f3n de pesos, \u00abel municipio aport\u00f3 cien mil pesos que corresponden al 10 por ciento de la cantidad, lo dem\u00e1s correspondi\u00f3 al gobierno a trav\u00e9s de un comit\u00e9 administrador para la construcci\u00f3n de escuelas\u00bb.<\/span><\/p>\n<p class=\"western\" lang=\"es-ES\" style=\"text-align: justify;\"><span style=\"font-size: 12pt;\">Lo mismo pas\u00f3 con la escuela Justo Sierra, en El Ranchito, instituci\u00f3n que se instal\u00f3 aqu\u00ed por \u00f3rdenes de los pol\u00edticos de anta\u00f1o. La \u00abescuela porfiriana\u00bb tambi\u00e9n se favoreci\u00f3 con el edificio actual, porque \u00abse derrumb\u00f3 lo que hab\u00eda en un solarcito\u201d, pero gracias a las gestiones de la administraci\u00f3n de Nieto Ch\u00e1vez se consigui\u00f3 una hect\u00e1rea, \u201cnosotros tambi\u00e9n pusimos 100 mil pesos, correspondientes al 10%, pues de igual modo se invirti\u00f3 un mill\u00f3n de pesos de los de aquella \u00e9poca\u00bb.<\/span><\/p>\n<blockquote>\n<p lang=\"es-ES\"><strong><em><span style=\"font-size: 12pt;\">La Rafael Nieto se comenz\u00f3 con 12 aulas, donde se invirti\u00f3 un mill\u00f3n de pesos, \u00abel municipio aport\u00f3 cien mil pesos que corresponden al 10 por ciento de la cantidad, lo dem\u00e1s correspondi\u00f3 al gobierno a trav\u00e9s de un comit\u00e9 administrador para la construcci\u00f3n de escuelas\u00bb.<\/span><\/em><\/strong><\/p>\n<\/blockquote>\n<p class=\"western\" lang=\"es-ES\" style=\"text-align: justify;\"><span style=\"font-size: 12pt;\">De la T\u00e9cnica 11, Salvador Nieto platic\u00f3 que acudi\u00f3 a Estados Unidos a visitar a los paisanos. Ellos le entregaron el equivalente a 50 mil pesos, \u00abera un buen pico de dinero para ajustar el porcentaje que como municipio nos tocaba\u00bb. <\/span><\/p>\n<p class=\"western\" lang=\"es-ES\" style=\"text-align: justify;\"><span style=\"font-size: 12pt;\">Este es un primer antecedente de las visitas que los alcaldes municipales realizan para conseguir el apoyo de paisanos.<\/span><\/p>\n<p class=\"western\" lang=\"es-ES\" style=\"text-align: justify;\"><span style=\"font-size: 12pt;\">En relaci\u00f3n a la Escuela Preparatoria de Cerritos se contaba con el terreno, entonces se entreg\u00f3 el porcentaje al Gobierno del Estado, es decir el 10% y se logr\u00f3 la construcci\u00f3n de los edificios.<\/span><\/p>\n<p class=\"western\" lang=\"es-ES\" style=\"text-align: justify;\"><span style=\"font-size: 12pt;\">\u00abEn mi administraci\u00f3n se hicieron esas cuatro escuelas\u00bb, enunci\u00f3, aunque influy\u00f3 en la edificaci\u00f3n de otras tres.<\/span><\/p>\n<p class=\"western\" lang=\"es-ES\" style=\"text-align: justify;\"><span style=\"font-size: 12pt;\">Pero cuando Salvador Nieto concluy\u00f3 su trienio, dej\u00f3 conformados patronatos, que siguiendo sus instrucciones lograron la creaci\u00f3n de escuelas como el Jard\u00edn de Ni\u00f1os Rosaura Zapata y el CBTA 123, patronatos que quedaron con dinero del ayuntamiento para conseguir la tarea.<\/span><\/p>\n<p class=\"western\" lang=\"es-ES\" style=\"text-align: justify;\"><span style=\"font-size: 12pt;\">Hablando de patronatos que crearon escuelas, el presidente de uno es conocido en Cerritos como \u00abGonzo\u00bb, Antonio Mart\u00ednez.<\/span><\/p>\n<p class=\"western\" lang=\"es-ES\" style=\"text-align: justify;\"><span style=\"font-size: 12pt;\">En una ocasi\u00f3n, esta persona acudi\u00f3 con el Profesor para informarle dos noticias.\u00bb Una buena y una mala\u00bb.<\/span><\/p>\n<p class=\"western\" lang=\"es-ES\" style=\"text-align: justify;\"><span style=\"font-size: 12pt;\">La buena, era que se se edificar\u00eda la Marcos Vives con estructura de calidad, la mala era que se requer\u00eda de un patronato, personas de suma responsabilidad y se eligi\u00f3 a funcionarios de la administraci\u00f3n para tal tarea. Nieto Ch\u00e1vez estaba por concluir el trienio.<\/span><\/p>\n<p class=\"western\" lang=\"es-ES\" style=\"text-align: justify;\"><span style=\"font-size: 12pt;\">Seg\u00fan recuerda el maestro, \u00abse les dej\u00f3 el camino hecho, hab\u00eda dinero destinado para ese fin, el Presidente fue el licenciado Filiberto Narv\u00e1ez G\u00e1mez; Secretario Francisco \u00abPancho\u00bb V\u00e1zquez y Tesorero el se\u00f1or Ren\u00e9 Garza. <\/span><\/p>\n<p class=\"western\" lang=\"es-ES\" style=\"text-align: justify;\"><span style=\"font-size: 12pt;\">Gracias a acciones como \u00e9sta se consigui\u00f3 la infraestructura para la Marcos Vives y para el k\u00ednder Rosaura Zapata, asegur\u00f3 el ex alcalde, quien tambi\u00e9n reconoce la funci\u00f3n que tuvo la se\u00f1ora Fidelia \u00abLela\u00bb Villanueva de S\u00e1nchez, esposa de Juan S\u00e1nchez \u00abEl Rey\u00bb como presidenta del patronato para la formaci\u00f3n del k\u00ednder.<\/span><\/p>\n<p class=\"western\" lang=\"es-ES\" style=\"text-align: justify;\"><span style=\"font-size: 12pt;\">Eso no es todo. Un d\u00eda, mientras Salvador Nieto daba clases, recibi\u00f3 la llamada de V\u00edctor Montes, quien tuvo injerencia en la administraci\u00f3n de Ra\u00fal Huerta.<\/span><\/p>\n<p class=\"western\" lang=\"es-ES\" style=\"text-align: justify;\"><span style=\"font-size: 12pt;\">V\u00edctor Montes solo quiso confirmar si Cerritos requer\u00eda de un Centro de Bachillerato Tecnol\u00f3gico Agropecuario.<\/span><\/p>\n<p class=\"western\" lang=\"es-ES\" style=\"text-align: justify;\"><span style=\"font-size: 12pt;\">\u201cClaro que s\u00ed\u201d, respondi\u00f3 \u201cChava Nieto\u201d, sin embargo fue enterado que la adquisici\u00f3n de 3 hect\u00e1reas para la instalaci\u00f3n de la escuela era el impedimento principal.<\/span><\/p>\n<p class=\"western\" lang=\"es-ES\" style=\"text-align: justify;\"><span style=\"font-size: 12pt;\">Entonces habl\u00e9 con Ra\u00fal Huerta y coincidimos en que una escuela nunca sobra, puesto que la preparatoria ya exist\u00eda.<\/span><\/p>\n<p class=\"western\" lang=\"es-ES\" style=\"text-align: justify;\"><span style=\"font-size: 12pt;\">Al final lo convenc\u00ed con la condici\u00f3n de que yo conseguir\u00eda el terreno.<\/span><\/p>\n<p class=\"western\" lang=\"es-ES\" style=\"text-align: justify;\"><span style=\"font-size: 12pt;\">Ah\u00ed donde est\u00e1 la escuela pertenec\u00eda al se\u00f1or H\u00e9ctor Flores, quien llev\u00f3 a cabo la aportaci\u00f3n gracias a convenio ben\u00e9fico para Cerritos.<\/span><\/p>\n<p class=\"western\" lang=\"es-ES\" style=\"text-align: justify;\"><span style=\"font-size: 12pt;\">De este modo \u00abCerritos no pag\u00f3 ni un peso por el CBTA 123, nada m\u00e1s se compr\u00f3 el terreno. A m\u00ed ya me lo hab\u00edan ofrecido\u00bb. Recuerda.<\/span><\/p>\n<p class=\"western\" lang=\"es-ES\" style=\"text-align: justify;\"><span style=\"font-size: 12pt;\">Aqu\u00ed destac\u00f3 la intervenci\u00f3n del Club Sertoma. Gracias a los acuerdos con Ra\u00fal Huerta se decidi\u00f3 nombrar al patronato para formar la escuela, teniendo como Presidente al Profesor Salvador Nieto, Secretario Silverio \u00abChato\u00bb Rojas, y Alejandro Torres como Tesorero. De este modo Cerritos cuenta con un CBTA 123.<\/span><\/p>\n<p class=\"western\" lang=\"es-ES\" style=\"text-align: justify;\"><span style=\"font-size: 12pt;\">Han pasado casi 50 a\u00f1os. Resulta impresionante c\u00f3mo con tan poco presupuesto se pudo hacer mucho en ese entonces. Obras que al paso del tiempo han venido a ser indispensables para el desarrollo municipal y que a la fecha no pierden vigencia.<\/span><\/p>\n<p class=\"western\" lang=\"es-ES\" style=\"text-align: justify;\"><span style=\"font-size: 12pt;\">Pero \u201cChava Nieto\u201d se acuerda que no hab\u00eda sueldos como ahora, aunque reconoce que \u201cpresidente y tesorero\u201d ganaban \u201cpoquito\u201d.<\/span><\/p>\n<p class=\"western\" lang=\"es-ES\" style=\"text-align: justify;\"><span style=\"font-size: 12pt;\">Record\u00f3 que el presidente anterior a \u00e9l dej\u00f3 la administraci\u00f3n con un sueldo de 1200 pesos mensuales, \u201cyo lo rebaj\u00e9 a mil pesos, y era igual para el tesorero y secretario\u201d, no obstante, contrario a dejarlo para su bolsa, el maestro prefiri\u00f3 destinar la partida a becas para alumnos. <\/span><\/p>\n<p class=\"western\" lang=\"es-ES\" style=\"text-align: justify;\"><span style=\"font-size: 12pt;\">Este ser\u00eda el primer antecedente de una rebaja de sueldos a funcionarios p\u00fablicos en la localidad, as\u00ed como el dato del primer alcalde que destin\u00f3 su sueldo en becas.<\/span><\/p>\n<p class=\"western\" lang=\"es-ES\" style=\"text-align: justify;\"><span style=\"font-size: 12pt;\">\u201cYo ten\u00eda mi sueldo como profesor, no me hac\u00eda falta m\u00e1s, por eso don\u00e9 mi sueldo de alcalde para el apoyo de alumnos, no necesitaba dinero de presidencia\u201d, dijo el \u201cprofe\u201d, quien indic\u00f3 que en ayuntamientos posteriores \u201ccay\u00f3 una plaga que arras\u00f3 con todo\u201d, y esto es grave, porque presupuesto hay, pero obras no.<\/span><\/p>\n<p class=\"western\" lang=\"es-ES\" style=\"text-align: justify;\"><span style=\"font-size: 12pt;\">El maestro que siempre ha repudiado tantos homenajes como elogios, recuerda al se\u00f1or Toribio Flores ya casi al concluir su administraci\u00f3n.<\/span><\/p>\n<p class=\"western\" lang=\"es-ES\" style=\"text-align: justify;\"><span style=\"font-size: 12pt;\">\u201cOiga Profesor, en el tiempo que tengo aqu\u00ed en presidencia, nadie ha hecho lo que Usted hizo en tres a\u00f1os\u201d. Le dijo.<\/span><\/p>\n<p class=\"western\" lang=\"es-ES\" style=\"text-align: justify;\"><span style=\"font-size: 12pt;\">Toribio Flores cumpli\u00f3 50 a\u00f1os como empleado del ayuntamiento siendo Nieto Ch\u00e1vez alcalde.<\/span><\/p>\n<p class=\"western\" lang=\"es-ES\" style=\"text-align: justify;\"><span style=\"font-size: 12pt;\">Don Toribio se convirti\u00f3 en consejero de todos los presidentes que durante su estancia ocuparon la alcald\u00eda.<\/span><\/p>\n<p class=\"western\" lang=\"es-ES\" style=\"text-align: justify;\"><span style=\"font-size: 12pt;\">Mientras Salvador Nieto cumpli\u00f3 26 a\u00f1os, Toribio festej\u00f3 medio centenar como empleado p\u00fablico.<\/span><\/p>\n<p class=\"western\" lang=\"es-ES\" style=\"text-align: justify;\"><span style=\"font-size: 12pt;\">\u201cYa lo hac\u00edan a un lado\u201d, pero el maestro mir\u00f3 experiencia y lo mantuvo durante su administraci\u00f3n.<\/span><\/p>\n<p class=\"western\" lang=\"es-ES\" style=\"text-align: justify;\"><span style=\"font-size: 12pt;\">Entre otras cosas Salvador Nieto tambi\u00e9n fue el primero en traer sementales desde la huasteca con los que se fortalecer\u00eda el ganado local; impuls\u00f3 la crianza de ganado caprino, aves de corral y producci\u00f3n de miel, temas que ser\u00e1n tratados en una pr\u00f3xima entrega.<\/span><\/p>\n<hr>\n<p lang=\"es-ES\"><a href=\"https:\/\/www.plurinominal.com.mx\/wp-content\/uploads\/Plurinominal-1279_4-5-6-2.pdf\"><i>D\u00e9 clic aqu\u00ed para descargar este art\u00edculo en su versi\u00f3n PDF.<\/i><\/a><\/p>\n","protected":false},"excerpt":{"rendered":"<p>Salvador Nieto Ch\u00e1vez fungi\u00f3 como alcalde municipal en el trienio 1971-1973 con una edad de apenas 25 a\u00f1os, lo que lo convierte en el presidente m\u00e1s joven que Cerritos ha&#8230;<\/p>\n","protected":false},"author":1,"featured_media":11812,"comment_status":"closed","ping_status":"open","sticky":false,"template":"","format":"standard","meta":{"footnotes":""},"categories":[483,486,463,485],"tags":[],"class_list":["post-11811","post","type-post","status-publish","format-standard","has-post-thumbnail","hentry","category-cultura","category-educacion","category-politica","category-sociales","entry","simple"],"_links":{"self":[{"href":"https:\/\/www.plurinominal.com.mx\/index.php?rest_route=\/wp\/v2\/posts\/11811","targetHints":{"allow":["GET"]}}],"collection":[{"href":"https:\/\/www.plurinominal.com.mx\/index.php?rest_route=\/wp\/v2\/posts"}],"about":[{"href":"https:\/\/www.plurinominal.com.mx\/index.php?rest_route=\/wp\/v2\/types\/post"}],"author":[{"embeddable":true,"href":"https:\/\/www.plurinominal.com.mx\/index.php?rest_route=\/wp\/v2\/users\/1"}],"replies":[{"embeddable":true,"href":"https:\/\/www.plurinominal.com.mx\/index.php?rest_route=%2Fwp%2Fv2%2Fcomments&post=11811"}],"version-history":[{"count":0,"href":"https:\/\/www.plurinominal.com.mx\/index.php?rest_route=\/wp\/v2\/posts\/11811\/revisions"}],"wp:featuredmedia":[{"embeddable":true,"href":"https:\/\/www.plurinominal.com.mx\/index.php?rest_route=\/wp\/v2\/media\/11812"}],"wp:attachment":[{"href":"https:\/\/www.plurinominal.com.mx\/index.php?rest_route=%2Fwp%2Fv2%2Fmedia&parent=11811"}],"wp:term":[{"taxonomy":"category","embeddable":true,"href":"https:\/\/www.plurinominal.com.mx\/index.php?rest_route=%2Fwp%2Fv2%2Fcategories&post=11811"},{"taxonomy":"post_tag","embeddable":true,"href":"https:\/\/www.plurinominal.com.mx\/index.php?rest_route=%2Fwp%2Fv2%2Ftags&post=11811"}],"curies":[{"name":"wp","href":"https:\/\/api.w.org\/{rel}","templated":true}]}}