{"id":119,"date":"2011-10-18T01:31:00","date_gmt":"2011-10-18T01:31:00","guid":{"rendered":"http:\/\/www.plurinominal.com.mx\/?p=119"},"modified":"2011-11-05T01:31:31","modified_gmt":"2011-11-05T01:31:31","slug":"murio-pariente-del-alcalde-de-guadalcazar","status":"publish","type":"post","link":"https:\/\/www.plurinominal.com.mx\/?p=119","title":{"rendered":"Muri\u00f3 pariente del alcalde de Guadalc\u00e1zar"},"content":{"rendered":"<p>Como \u201cextra\u00f1a\u201d califican vecinos del lugar la enfermedad <\/p>\n<p>Del equipo de redacci\u00f3n<br \/>\nDe una extra\u00f1a enfermedad y de manera repentina, un pariente cercano del alcalde de Guadalc\u00e1zar \u00c1lvaro Gustavo Jim\u00e9nez Reyes, falleci\u00f3 la semana pasada.<br \/>\nEn ese municipio vecino a Cerritos, circulan muchos rumores sobre la muerte del hombre que en vida se llam\u00f3 Jos\u00e9 Espinoza.<br \/>\nUno de ellos fue que hace m\u00e1s de 25 a\u00f1os trabaj\u00f3 en las minas, \u201cde all\u00ed sufri\u00f3 por un virus que le afect\u00f3 el cerebro\u201d, hip\u00f3tesis que aunque es mencionada por familiares, no es veros\u00edmil para la mayor\u00eda de los pobladores.<br \/>\nAlgunos ciudadanos del municipio, mencionaron que el fallecido, nativo de \u201cLa Laguna de Gerardo\u201d, presentaba s\u00edntomas de enfermedades como \u201cdiabetes\u201d o \u201cc\u00e1ncer\u201d, pero tampoco aseguraron con exactitud qu\u00e9 le ocasion\u00f3 la muerte. Su sepelio fue el domingo 16 de octubre.<br \/>\nEl hombre que adem\u00e1s cuenta con familiares en Cerritos, en vida se mostr\u00f3 siempre apasionado por el beisbol, por eso en su \u00faltimo adi\u00f3s se observ\u00f3 a un buen n\u00famero de aficionados a este deporte.<\/p>\n","protected":false},"excerpt":{"rendered":"<p>Como \u201cextra\u00f1a\u201d califican vecinos del lugar la enfermedad Del equipo de redacci\u00f3n De una extra\u00f1a enfermedad y de manera repentina, un pariente cercano del alcalde de Guadalc\u00e1zar \u00c1lvaro Gustavo Jim\u00e9nez&#8230;<\/p>\n","protected":false},"author":1,"featured_media":0,"comment_status":"closed","ping_status":"open","sticky":false,"template":"","format":"standard","meta":{"footnotes":""},"categories":[6],"tags":[65],"class_list":["post-119","post","type-post","status-publish","format-standard","hentry","category-guadalcazar","tag-muerte","entry","simple"],"_links":{"self":[{"href":"https:\/\/www.plurinominal.com.mx\/index.php?rest_route=\/wp\/v2\/posts\/119","targetHints":{"allow":["GET"]}}],"collection":[{"href":"https:\/\/www.plurinominal.com.mx\/index.php?rest_route=\/wp\/v2\/posts"}],"about":[{"href":"https:\/\/www.plurinominal.com.mx\/index.php?rest_route=\/wp\/v2\/types\/post"}],"author":[{"embeddable":true,"href":"https:\/\/www.plurinominal.com.mx\/index.php?rest_route=\/wp\/v2\/users\/1"}],"replies":[{"embeddable":true,"href":"https:\/\/www.plurinominal.com.mx\/index.php?rest_route=%2Fwp%2Fv2%2Fcomments&post=119"}],"version-history":[{"count":0,"href":"https:\/\/www.plurinominal.com.mx\/index.php?rest_route=\/wp\/v2\/posts\/119\/revisions"}],"wp:attachment":[{"href":"https:\/\/www.plurinominal.com.mx\/index.php?rest_route=%2Fwp%2Fv2%2Fmedia&parent=119"}],"wp:term":[{"taxonomy":"category","embeddable":true,"href":"https:\/\/www.plurinominal.com.mx\/index.php?rest_route=%2Fwp%2Fv2%2Fcategories&post=119"},{"taxonomy":"post_tag","embeddable":true,"href":"https:\/\/www.plurinominal.com.mx\/index.php?rest_route=%2Fwp%2Fv2%2Ftags&post=119"}],"curies":[{"name":"wp","href":"https:\/\/api.w.org\/{rel}","templated":true}]}}