{"id":11942,"date":"2018-08-03T15:26:35","date_gmt":"2018-08-03T20:26:35","guid":{"rendered":"http:\/\/www.plurinominal.com.mx\/?p=11942"},"modified":"2018-08-23T15:28:39","modified_gmt":"2018-08-23T20:28:39","slug":"prepa-no-ha-limitado-el-ingreso-de-estudiantes-director","status":"publish","type":"post","link":"https:\/\/www.plurinominal.com.mx\/?p=11942","title":{"rendered":"Prepa no ha limitado el ingreso de estudiantes: Director"},"content":{"rendered":"<p class=\"western\" style=\"text-align: justify;\" lang=\"es-ES\"><strong>La migraci\u00f3n a Estados Unidos y la vida en pareja, son las principales causas de deserci\u00f3n escolar<\/strong><\/p>\n<p class=\"western\" style=\"text-align: justify;\" lang=\"es-ES\"><span style=\"font-family: trebuchet ms, geneva, sans-serif;\"><strong><span style=\"font-size: 10pt;\">Por MAYRA TRIST\u00c1N.-<\/span><\/strong><\/span> La Preparatoria Cerritos cuenta con suficiente espacio para recibir a todos los j\u00f3venes que deseen ingresar, asegur\u00f3 Everardo Mu\u00f1iz Villase\u00f1or, director del plantel.<\/p>\n<p class=\"western\" style=\"text-align: justify;\" lang=\"es-ES\">El profesor inform\u00f3 que el lunes 6 de agosto a las 2 de la tarde se realizar\u00e1n las inscripciones para el ciclo escolar 2018-2019, y a las 3 de la tarde de ese mismo d\u00eda, dar\u00e1n inicio las clases.<\/p>\n<p class=\"western\" style=\"text-align: justify;\" lang=\"es-ES\">Dijo que se tiene capacidad para formar dos grupos de hasta 35 alumnos cada uno, cupo que consider\u00f3 suficiente para recibir a los que deseen cursar su bachillerato en esta preparatoria incorporada a la Universidad Aut\u00f3noma de San Luis Potos\u00ed (UASLP).<\/p>\n<p class=\"western\" style=\"text-align: justify;\" lang=\"es-ES\">Aclar\u00f3 que con esta capacidad de admisi\u00f3n, nunca se han quedado j\u00f3venes fuera por cuesti\u00f3n de espacios, sino porque algunos no logran acreditar todas sus materias de nivel secundaria.<\/p>\n<p class=\"western\" style=\"text-align: justify;\" lang=\"es-ES\">\u00abLa Universidad (UASLP) nos da de tolerancia el mes de agosto y en septiembre se entregan los documentos de certificado de secundaria, acta de nacimiento, carta de buena conducta y CURP\u00bb, si los alumnos no cuentan con toda esa documentaci\u00f3n, se les niega el ingreso.<\/p>\n<p class=\"western\" style=\"text-align: justify;\" lang=\"es-ES\">Respecto a las obras que se realizaron en la preparatoria, dijo que fueron concluidas por completo y la instituci\u00f3n se encuentra lista para el regreso a clases.<\/p>\n<p class=\"western\" style=\"text-align: justify;\" lang=\"es-ES\">Cabe recordar que los trabajos consistieron en la renovaci\u00f3n total de los ba\u00f1os para hombres y los de mujeres, para lo cual se tuvo apoyo financiero del Ayuntamiento para el material y la mano de obra, adem\u00e1s de que se solicit\u00f3 apoyo de los padres de familia para costear las adecuaciones que se tuvieron que realizar en las descargas de los sanitarios y las tomas de agua, pues ya no se encontr\u00f3 el mismo modelo de sanitarios ya que \u00e9stos ten\u00edan 45 a\u00f1os de antig\u00fcedad.<\/p>\n<h3 class=\"western\" style=\"text-align: justify;\" lang=\"es-ES\"><strong>Mujeres, las que m\u00e1s abandonan la prepa<\/strong><\/h3>\n<p class=\"western\" style=\"text-align: justify;\" lang=\"es-ES\">La migraci\u00f3n a Estados Unidos y la vida en pareja, son las principales causas de deserci\u00f3n escolar en la preparatoria Cerritos.<\/p>\n<p class=\"western\" style=\"text-align: justify;\" lang=\"es-ES\">Everardo Mu\u00f1iz Villase\u00f1or dio a conocer que el problema de deserci\u00f3n escolar se presenta m\u00e1s en las mujeres que en los varones.<\/p>\n<p class=\"western\" style=\"text-align: justify;\" lang=\"es-ES\">Coment\u00f3 que conforme avanza el grado escolar, se reduce la matr\u00edcula de la preparatoria, pues por ejemplo, el a\u00f1o pasado ingresaron 55 j\u00f3venes y s\u00f3lo 35 continuaron al segundo a\u00f1o porque 20 ya se dieron de baja.<\/p>\n<p class=\"western\" style=\"text-align: justify;\" lang=\"es-ES\">Dijo que entre los mismos j\u00f3venes conocen las causas por las que sus compa\u00f1eros dejaron la escuela, por eso es f\u00e1cil identificarlas.<\/p>\n<p class=\"western\" style=\"text-align: justify;\" lang=\"es-ES\">En este sentido, indic\u00f3 que en el caso de los hombres, la deserci\u00f3n se da porque migran a Estados Unidos, mientras que en las mujeres se ha identificado que abandonan la escuela porque contraen matrimonio o inician una vida en uni\u00f3n libre con su pareja.<\/p>\n<p class=\"western\" style=\"text-align: justify;\" lang=\"es-ES\">Otra de las causas por las que los j\u00f3venes abandonan sus estudios, es porque reprueban materias, pues dijo que cuando llegan al bachillerato est\u00e1n acostumbrados a que en la secundaria la calificaci\u00f3n m\u00ednima es de 5, mientras que en la preparatoria va de 0 a 10, \u00abaqu\u00ed sacan hasta 0\u00bb.<\/p>\n<p class=\"western\" style=\"text-align: justify;\" lang=\"es-ES\">El directivo se\u00f1al\u00f3 que la preparatoria busca \u00abrecuperar\u00bb a los j\u00f3venes que dejan la escuela, y cuando se logra que reingresen, incluso se les puede duplicar una calificaci\u00f3n si al momento en que reingresaron ya se hab\u00eda hecho una evaluaci\u00f3n.<\/p>\n","protected":false},"excerpt":{"rendered":"<p>La migraci\u00f3n a Estados Unidos y la vida en pareja, son las principales causas de deserci\u00f3n escolar Por MAYRA TRIST\u00c1N.- La Preparatoria Cerritos cuenta con suficiente espacio para recibir a&#8230;<\/p>\n","protected":false},"author":1,"featured_media":11943,"comment_status":"closed","ping_status":"open","sticky":false,"template":"","format":"standard","meta":{"footnotes":""},"categories":[486],"tags":[],"class_list":["post-11942","post","type-post","status-publish","format-standard","has-post-thumbnail","hentry","category-educacion","entry","simple"],"_links":{"self":[{"href":"https:\/\/www.plurinominal.com.mx\/index.php?rest_route=\/wp\/v2\/posts\/11942","targetHints":{"allow":["GET"]}}],"collection":[{"href":"https:\/\/www.plurinominal.com.mx\/index.php?rest_route=\/wp\/v2\/posts"}],"about":[{"href":"https:\/\/www.plurinominal.com.mx\/index.php?rest_route=\/wp\/v2\/types\/post"}],"author":[{"embeddable":true,"href":"https:\/\/www.plurinominal.com.mx\/index.php?rest_route=\/wp\/v2\/users\/1"}],"replies":[{"embeddable":true,"href":"https:\/\/www.plurinominal.com.mx\/index.php?rest_route=%2Fwp%2Fv2%2Fcomments&post=11942"}],"version-history":[{"count":0,"href":"https:\/\/www.plurinominal.com.mx\/index.php?rest_route=\/wp\/v2\/posts\/11942\/revisions"}],"wp:featuredmedia":[{"embeddable":true,"href":"https:\/\/www.plurinominal.com.mx\/index.php?rest_route=\/wp\/v2\/media\/11943"}],"wp:attachment":[{"href":"https:\/\/www.plurinominal.com.mx\/index.php?rest_route=%2Fwp%2Fv2%2Fmedia&parent=11942"}],"wp:term":[{"taxonomy":"category","embeddable":true,"href":"https:\/\/www.plurinominal.com.mx\/index.php?rest_route=%2Fwp%2Fv2%2Fcategories&post=11942"},{"taxonomy":"post_tag","embeddable":true,"href":"https:\/\/www.plurinominal.com.mx\/index.php?rest_route=%2Fwp%2Fv2%2Ftags&post=11942"}],"curies":[{"name":"wp","href":"https:\/\/api.w.org\/{rel}","templated":true}]}}