{"id":1195,"date":"2012-01-06T22:09:43","date_gmt":"2012-01-07T04:09:43","guid":{"rendered":"http:\/\/www.plurinominal.com.mx\/?p=1195"},"modified":"2012-01-07T00:01:42","modified_gmt":"2012-01-07T06:01:42","slug":"se-fue-tambien-javier-quintero-mejor-conocido-como-ronco","status":"publish","type":"post","link":"https:\/\/www.plurinominal.com.mx\/?p=1195","title":{"rendered":"Se fue Javier Quintero, mejor conocido como \u201cEl Ronco\u201d"},"content":{"rendered":"<figure id=\"attachment_1196\" aria-describedby=\"caption-attachment-1196\" style=\"width: 178px\" class=\"wp-caption alignleft\"><a href=\"https:\/\/www.plurinominal.com.mx\/wp-content\/uploads\/ronco.jpg\"><img loading=\"lazy\" decoding=\"async\" class=\"size-medium wp-image-1196\" title=\"ronco\" src=\"https:\/\/www.plurinominal.com.mx\/wp-content\/uploads\/ronco-178x300.jpg\" alt=\"\" width=\"178\" height=\"300\" srcset=\"https:\/\/www.plurinominal.com.mx\/wp-content\/uploads\/ronco-178x300.jpg 178w, https:\/\/www.plurinominal.com.mx\/wp-content\/uploads\/ronco.jpg 283w\" sizes=\"auto, (max-width: 178px) 100vw, 178px\" \/><\/a><figcaption id=\"caption-attachment-1196\" class=\"wp-caption-text\">\u201cEl Ronco\u201d, en una de sus \u00faltimas fotograf\u00edas. Ya le hab\u00edan amputado parte de un pie. ARCHIVO PN.<\/figcaption><\/figure>\n<p>Jos\u00e9 \u00c1ngel Mtz.<\/p>\n<p>18:50 pm.- Desde finales de diciembre, los detalles de salud del famoso cerritense apodado \u201cEl Ronco\u201d, despertaron curiosidad en amplios sectores de la poblaci\u00f3n.<\/p>\n<p>Mucho se coment\u00f3 en el d\u00eda de los Santos Inocentes sobre la partida de este querido cerritense. Javier Quintero logr\u00f3 salir del IMSS el 31 de diciembre de 2011, pero este viernes se conoci\u00f3 su deceso.<\/p>\n<p>En estos momentos, todo listo para la velaci\u00f3n del El Ronco quien finalmente perdi\u00f3 la batalla contra su enfermedad.<\/p>\n<p>&nbsp;<\/p>\n","protected":false},"excerpt":{"rendered":"<p>Jos\u00e9 \u00c1ngel Mtz. 18:50 pm.- Desde finales de diciembre, los detalles de salud del famoso cerritense apodado \u201cEl Ronco\u201d, despertaron curiosidad en amplios sectores de la poblaci\u00f3n. Mucho se coment\u00f3&#8230;<\/p>\n","protected":false},"author":1,"featured_media":0,"comment_status":"closed","ping_status":"open","sticky":false,"template":"","format":"standard","meta":{"footnotes":""},"categories":[3],"tags":[],"class_list":["post-1195","post","type-post","status-publish","format-standard","hentry","category-cerritos","entry","simple"],"_links":{"self":[{"href":"https:\/\/www.plurinominal.com.mx\/index.php?rest_route=\/wp\/v2\/posts\/1195","targetHints":{"allow":["GET"]}}],"collection":[{"href":"https:\/\/www.plurinominal.com.mx\/index.php?rest_route=\/wp\/v2\/posts"}],"about":[{"href":"https:\/\/www.plurinominal.com.mx\/index.php?rest_route=\/wp\/v2\/types\/post"}],"author":[{"embeddable":true,"href":"https:\/\/www.plurinominal.com.mx\/index.php?rest_route=\/wp\/v2\/users\/1"}],"replies":[{"embeddable":true,"href":"https:\/\/www.plurinominal.com.mx\/index.php?rest_route=%2Fwp%2Fv2%2Fcomments&post=1195"}],"version-history":[{"count":0,"href":"https:\/\/www.plurinominal.com.mx\/index.php?rest_route=\/wp\/v2\/posts\/1195\/revisions"}],"wp:attachment":[{"href":"https:\/\/www.plurinominal.com.mx\/index.php?rest_route=%2Fwp%2Fv2%2Fmedia&parent=1195"}],"wp:term":[{"taxonomy":"category","embeddable":true,"href":"https:\/\/www.plurinominal.com.mx\/index.php?rest_route=%2Fwp%2Fv2%2Fcategories&post=1195"},{"taxonomy":"post_tag","embeddable":true,"href":"https:\/\/www.plurinominal.com.mx\/index.php?rest_route=%2Fwp%2Fv2%2Ftags&post=1195"}],"curies":[{"name":"wp","href":"https:\/\/api.w.org\/{rel}","templated":true}]}}