{"id":12088,"date":"2018-12-01T02:53:24","date_gmt":"2018-12-01T08:53:24","guid":{"rendered":"http:\/\/www.plurinominal.com.mx\/?p=12088"},"modified":"2018-12-04T02:54:53","modified_gmt":"2018-12-04T08:54:53","slug":"padres-de-familia-reconocen-disposicion-de-directivos-de-secundaria-10","status":"publish","type":"post","link":"https:\/\/www.plurinominal.com.mx\/?p=12088","title":{"rendered":"Padres de familia reconocen disposici\u00f3n de directivos de Secundaria 10"},"content":{"rendered":"<ul>\n<li class=\"western\" lang=\"es-ES\">Participaron en actividad previa al D\u00eda Mundial de la Discapacidad<\/li>\n<\/ul>\n<p class=\"western\" lang=\"es-ES\" style=\"text-align: justify;\"><strong><span style=\"font-family: 'trebuchet ms', geneva, sans-serif; font-size: 10pt;\">Por BETO GUERRERO.-<\/span><\/strong>&nbsp;Profesores y Padres de Familia cuyos hijos cursan la instrucci\u00f3n secundaria en la escuela federal Manuel Jos\u00e9 Oth\u00f3n, agradecieron a la alcaldesa municipal de Cerritos, Mar\u00eda Leticia V\u00e1zquez Hern\u00e1ndez as\u00ed como a directivos del plantel porque el 28 de noviembre se logr\u00f3 v\u00ednculo con la organizaci\u00f3n \u00abVida Independiente San Luis Potos\u00ed\u00bb, asociaci\u00f3n sin fines de lucro que apoya a que las personas con discapacidad alcancen su m\u00e1ximo desarrollo.<\/p>\n<p class=\"western\" lang=\"es-ES\" style=\"text-align: justify;\">La actividad previa al D\u00eda Municipal de la Discapacidad \u2013que se celebra cada 3 de diciembre\u2013, contempl\u00f3 a personal del DIF Municipal con el fin de llevar a cabo actividades en al menos tres escuelas de la localidad que hasta el pasado mi\u00e9rcoles hab\u00edan contabilizado a cientos de participantes.<\/p>\n<p class=\"western\" lang=\"es-ES\" style=\"text-align: justify;\">El lunes 26, representantes de \u00abVida Independiente\u00bb, estuvieron ante la comunidad escolar y acad\u00e9mica del Colegio Motolin\u00eda Cerritense y Primaria Rafael Nieto, donde contabilizaron a algunas 700 personas, mientras que el martes 27 toc\u00f3 el turno a la Secundaria T\u00e9cnica n\u00famero 11 y al Centro de Bachillerato Tecnol\u00f3gico Agropecuario n\u00famero 123. El n\u00famero de alumnos y docentes participantes se estim\u00f3 cercano a las 800 personas, mientras que el mi\u00e9rcoles 28, en la Secundaria H\u00e9roes Potosinos y la escuela Secundaria Manuel Jos\u00e9 Oth\u00f3n, se cont\u00f3 con la presencia de 520 alumnos, as\u00ed como padres de familia, mesa directiva de padres de familia y participaci\u00f3n social.&nbsp;<\/p>\n<p class=\"western\" lang=\"es-ES\" style=\"text-align: justify;\">Organizadores de la actividad no solo agradecieron a las autoridades del ayuntamiento, sino al Director y Subdirector del plantel de la Secundaria 10, porque junto con los comit\u00e9s de padres de familia y de participaci\u00f3n social, nada se habr\u00eda logrado para crear conciencia en relaci\u00f3n a aquellos que enfrentan situaciones distintas, en este caso los discapacitados.<\/p>\n","protected":false},"excerpt":{"rendered":"<p>Participaron en actividad previa al D\u00eda Mundial de la Discapacidad Por BETO GUERRERO.-&nbsp;Profesores y Padres de Familia cuyos hijos cursan la instrucci\u00f3n secundaria en la escuela federal Manuel Jos\u00e9 Oth\u00f3n,&#8230;<\/p>\n","protected":false},"author":1,"featured_media":12089,"comment_status":"closed","ping_status":"open","sticky":false,"template":"","format":"standard","meta":{"footnotes":""},"categories":[3,483,486,485],"tags":[],"class_list":["post-12088","post","type-post","status-publish","format-standard","has-post-thumbnail","hentry","category-cerritos","category-cultura","category-educacion","category-sociales","entry","simple"],"_links":{"self":[{"href":"https:\/\/www.plurinominal.com.mx\/index.php?rest_route=\/wp\/v2\/posts\/12088","targetHints":{"allow":["GET"]}}],"collection":[{"href":"https:\/\/www.plurinominal.com.mx\/index.php?rest_route=\/wp\/v2\/posts"}],"about":[{"href":"https:\/\/www.plurinominal.com.mx\/index.php?rest_route=\/wp\/v2\/types\/post"}],"author":[{"embeddable":true,"href":"https:\/\/www.plurinominal.com.mx\/index.php?rest_route=\/wp\/v2\/users\/1"}],"replies":[{"embeddable":true,"href":"https:\/\/www.plurinominal.com.mx\/index.php?rest_route=%2Fwp%2Fv2%2Fcomments&post=12088"}],"version-history":[{"count":0,"href":"https:\/\/www.plurinominal.com.mx\/index.php?rest_route=\/wp\/v2\/posts\/12088\/revisions"}],"wp:featuredmedia":[{"embeddable":true,"href":"https:\/\/www.plurinominal.com.mx\/index.php?rest_route=\/wp\/v2\/media\/12089"}],"wp:attachment":[{"href":"https:\/\/www.plurinominal.com.mx\/index.php?rest_route=%2Fwp%2Fv2%2Fmedia&parent=12088"}],"wp:term":[{"taxonomy":"category","embeddable":true,"href":"https:\/\/www.plurinominal.com.mx\/index.php?rest_route=%2Fwp%2Fv2%2Fcategories&post=12088"},{"taxonomy":"post_tag","embeddable":true,"href":"https:\/\/www.plurinominal.com.mx\/index.php?rest_route=%2Fwp%2Fv2%2Ftags&post=12088"}],"curies":[{"name":"wp","href":"https:\/\/api.w.org\/{rel}","templated":true}]}}