{"id":12115,"date":"2018-12-09T00:03:35","date_gmt":"2018-12-09T06:03:35","guid":{"rendered":"http:\/\/www.plurinominal.com.mx\/?p=12115"},"modified":"2018-12-10T00:04:03","modified_gmt":"2018-12-10T06:04:03","slug":"conferencias-en-el-cbta-123","status":"publish","type":"post","link":"https:\/\/www.plurinominal.com.mx\/?p=12115","title":{"rendered":"Conferencias en el CBTA 123"},"content":{"rendered":"<ul>\n<li class=\"western\" lang=\"es-ES\">Expositores tocar\u00e1n temas sobre \u00abComunicaci\u00f3n, Liderazgo y Educaci\u00f3n\u00bb<\/li>\n<\/ul>\n<p class=\"western\" lang=\"es-ES\" style=\"text-align: justify;\"><span style=\"font-size: 10pt; font-family: 'trebuchet ms', geneva, sans-serif;\"><strong>MARCO SERNA.-<\/strong> <\/span>El ciclo de conferencias a las que est\u00e1 invitado el p\u00fablico de Cerritos, se extiende al Centro de Bachillerato Tecnol\u00f3gico Agropecuario n\u00famero 123, donde se hablar\u00eda sobre Comunicaci\u00f3n, Liderazgo y Educaci\u00f3n.<\/p>\n<p class=\"western\" lang=\"es-ES\" style=\"text-align: justify;\">El ingeniero Ram\u00f3n Castillo Z\u00fa\u00f1iga, inform\u00f3 a Plurinominal que los d\u00edas 10 y 11 de diciembre, acudir\u00edan al CBTA 123 conferencistas para abundar sobre los temas, adem\u00e1s de que tambi\u00e9n estar\u00eda presente el cerritense Rafael Rodr\u00edguez Nieto, premio nacional de innovaci\u00f3n cient\u00edfica.<\/p>\n<p class=\"western\" lang=\"es-ES\" style=\"text-align: justify;\">Este evento, se explic\u00f3, surge a iniciativa del Comit\u00e9 Cerritense de Obras Sociales (CCOS) quien promovi\u00f3 esta actividad tambi\u00e9n en la Escuela Preparatoria de Cerritos.<\/p>\n","protected":false},"excerpt":{"rendered":"<p>Expositores tocar\u00e1n temas sobre \u00abComunicaci\u00f3n, Liderazgo y Educaci\u00f3n\u00bb MARCO SERNA.- El ciclo de conferencias a las que est\u00e1 invitado el p\u00fablico de Cerritos, se extiende al Centro de Bachillerato Tecnol\u00f3gico&#8230;<\/p>\n","protected":false},"author":1,"featured_media":12116,"comment_status":"closed","ping_status":"open","sticky":false,"template":"","format":"standard","meta":{"footnotes":""},"categories":[3,483,486],"tags":[],"class_list":["post-12115","post","type-post","status-publish","format-standard","has-post-thumbnail","hentry","category-cerritos","category-cultura","category-educacion","entry","simple"],"_links":{"self":[{"href":"https:\/\/www.plurinominal.com.mx\/index.php?rest_route=\/wp\/v2\/posts\/12115","targetHints":{"allow":["GET"]}}],"collection":[{"href":"https:\/\/www.plurinominal.com.mx\/index.php?rest_route=\/wp\/v2\/posts"}],"about":[{"href":"https:\/\/www.plurinominal.com.mx\/index.php?rest_route=\/wp\/v2\/types\/post"}],"author":[{"embeddable":true,"href":"https:\/\/www.plurinominal.com.mx\/index.php?rest_route=\/wp\/v2\/users\/1"}],"replies":[{"embeddable":true,"href":"https:\/\/www.plurinominal.com.mx\/index.php?rest_route=%2Fwp%2Fv2%2Fcomments&post=12115"}],"version-history":[{"count":0,"href":"https:\/\/www.plurinominal.com.mx\/index.php?rest_route=\/wp\/v2\/posts\/12115\/revisions"}],"wp:featuredmedia":[{"embeddable":true,"href":"https:\/\/www.plurinominal.com.mx\/index.php?rest_route=\/wp\/v2\/media\/12116"}],"wp:attachment":[{"href":"https:\/\/www.plurinominal.com.mx\/index.php?rest_route=%2Fwp%2Fv2%2Fmedia&parent=12115"}],"wp:term":[{"taxonomy":"category","embeddable":true,"href":"https:\/\/www.plurinominal.com.mx\/index.php?rest_route=%2Fwp%2Fv2%2Fcategories&post=12115"},{"taxonomy":"post_tag","embeddable":true,"href":"https:\/\/www.plurinominal.com.mx\/index.php?rest_route=%2Fwp%2Fv2%2Ftags&post=12115"}],"curies":[{"name":"wp","href":"https:\/\/api.w.org\/{rel}","templated":true}]}}