{"id":12157,"date":"2019-01-16T12:47:18","date_gmt":"2019-01-16T18:47:18","guid":{"rendered":"http:\/\/www.plurinominal.com.mx\/?p=12157"},"modified":"2019-01-16T12:47:19","modified_gmt":"2019-01-16T18:47:19","slug":"desconfianza-en-universidad-del-valle","status":"publish","type":"post","link":"https:\/\/www.plurinominal.com.mx\/?p=12157","title":{"rendered":"Desconfianza en Universidad del Valle"},"content":{"rendered":"\n<ul class=\"wp-block-list\"><li><strong>Pagaron inscripci\u00f3n y mensualidades, instituci\u00f3n educativa de la localidad \u201cno estaba incorporada a la SEP\u201d, aseguran alumnos<\/strong><\/li><\/ul>\n\n\n\n<ul class=\"wp-block-list\"><li><strong>Alumnos exigen a nueva administraci\u00f3n la validez de materias<\/strong><\/li><\/ul>\n\n\n\n<p><strong>Por MARCO SERNA.-<\/strong><em><strong> <\/strong><\/em>Se\u00f1alamientos pesan sobre personal administrativo de la Universidad del Valle de San Luis Potos\u00ed, quien se promovi\u00f3 como tal en julio de 2018.<\/p>\n\n\n\n<p>Un grupo de quienes se dijeron \u201calumnos\u201d de la escuela, reclaman por los pagos que hicieron en relaci\u00f3n a mensualidades e inscripciones, sin embargo se dieron cuenta de que los estudios no estaban avalados por la Secretar\u00eda de Educaci\u00f3n P\u00fablica.<\/p>\n\n\n\n<p>\u201cNos hicieron creer que est\u00e1bamos estudiando la preparatoria y universidad, pero no nos facilitaron ninguna credencial, entonces, para dejar de lado las sospechas acudimos ante la Secretar\u00eda de Educaci\u00f3n P\u00fablica, y nos dijeron que desconoc\u00edan la escuela ene este lugar\u201d, expuso una de las denunciantes, que agrega, fueron sujetos a ex\u00e1menes que tampoco tuvieron validez.<\/p>\n\n\n\n<p>Ubicada en Rafael Nieto n\u00famero 14, la \u201cinstituci\u00f3n\u201d, anunci\u00f3 a mediados del a\u00f1o pasado, una poblaci\u00f3n escolar de algunas 40 personas, a cargo de 6 profesores, al tiempo de que se ostent\u00f3 como directora Ana Hilda Alvarado Eugenia, a quien los alumnos le han pedido explicaciones al saber que un grupo de nuevo personal ahora \u201carranca de cero\u201d con el mismo nombre.<\/p>\n\n\n\n<p>Todav\u00eda en 2018, la escuela ofrec\u00eda cursos de bachillerato y cinco carreras profesionales.<\/p>\n\n\n\n<p>\u201cSabemos que tambi\u00e9n se enfrenta conflicto por el pago de la renta del local, se habla de un adeudo de cinco meses, incluso el due\u00f1o cambi\u00f3 la chapa\u201d, expuso el grupo de alumnos que contact\u00f3 con Plurinominal.<\/p>\n\n\n\n<p>\u201cPedimos que nuestros nombres no se publiquen, somos muchos los afectados\u201d, dijo una mujer a este reportero, \u201cen total somos 17 de preparatoria y 25 de universidad\u201d, explica.<\/p>\n\n\n\n<p>Al acudir a San Luis Potos\u00ed, a la matriz ubicada en Guerrero 305-A Centro Hist\u00f3rico, los alumnos se dieron cuenta que tambi\u00e9n se ignoraban los manejos administrativos de esta localidad, \u201centonces vinieron y decidieron el cambio del personal\u201d, explica un declarante.<\/p>\n\n\n\n<p>\u201cNos citaron a todos, para decirnos que hay nueva directiva, ahora el encargado es el Profesor Gerardo Salazar, pero de nuestro dinero ya no sabemos si se nos devolver\u00e1 o bien, nuestros estudios tendr\u00e1n validez\u201d, indica otra estudiante, quien asegura, los alumnos cuentan con recibos que se presentaron ante la escuela matriz, \u201ca ver si nos lo toman en cuenta para ya no volver a pagar la inscripci\u00f3n\u201d.<\/p>\n\n\n\n<p>Este medio contact\u00f3 con el personal que administr\u00f3 la escuela.<\/p>\n\n\n\n<p>\u201cA mi ya no me contestan, tengo computadoras, impresoras y otras cosas, y no las he podido sacar, tampoco me dieron los gastos de publicidad, ni lleg\u00f3 dinero para el pago de maestros, siendo que la universidad estuvo recibiendo dinero. Si los alumnos tienen las fichas de los dep\u00f3sitos, les recomiendo que hagamos una reuni\u00f3n, y yo llevar\u00e9 a los profesores, porque a mi me interesa aclarar todo, yo estoy dentro de los afectados\u201d, dijo una persona el sexo masculino, quien recomend\u00f3 tambi\u00e9n denunciar el asunto ante la v\u00eda legal para deslindar responsabilidades, y proporcion\u00f3 el n\u00famero 486 106 6226, para manifestar aclaraciones a quienes se lo soliciten.<\/p>\n","protected":false},"excerpt":{"rendered":"<p>\u201cNos hicieron creer que est\u00e1bamos estudiando la preparatoria y universidad, pero no nos facilitaron ninguna credencial, entonces, para dejar de lado las sospechas acudimos ante la Secretar\u00eda de Educaci\u00f3n P\u00fablica, y nos dijeron que desconoc\u00edan la escuela ene este lugar\u201d, expuso una de las denunciantes, que agrega, fueron sujetos a ex\u00e1menes que tampoco tuvieron validez.<\/p>\n","protected":false},"author":1,"featured_media":12158,"comment_status":"closed","ping_status":"open","sticky":false,"template":"","format":"standard","meta":{"footnotes":""},"categories":[3,486],"tags":[],"class_list":["post-12157","post","type-post","status-publish","format-standard","has-post-thumbnail","hentry","category-cerritos","category-educacion","entry","simple"],"_links":{"self":[{"href":"https:\/\/www.plurinominal.com.mx\/index.php?rest_route=\/wp\/v2\/posts\/12157","targetHints":{"allow":["GET"]}}],"collection":[{"href":"https:\/\/www.plurinominal.com.mx\/index.php?rest_route=\/wp\/v2\/posts"}],"about":[{"href":"https:\/\/www.plurinominal.com.mx\/index.php?rest_route=\/wp\/v2\/types\/post"}],"author":[{"embeddable":true,"href":"https:\/\/www.plurinominal.com.mx\/index.php?rest_route=\/wp\/v2\/users\/1"}],"replies":[{"embeddable":true,"href":"https:\/\/www.plurinominal.com.mx\/index.php?rest_route=%2Fwp%2Fv2%2Fcomments&post=12157"}],"version-history":[{"count":0,"href":"https:\/\/www.plurinominal.com.mx\/index.php?rest_route=\/wp\/v2\/posts\/12157\/revisions"}],"wp:featuredmedia":[{"embeddable":true,"href":"https:\/\/www.plurinominal.com.mx\/index.php?rest_route=\/wp\/v2\/media\/12158"}],"wp:attachment":[{"href":"https:\/\/www.plurinominal.com.mx\/index.php?rest_route=%2Fwp%2Fv2%2Fmedia&parent=12157"}],"wp:term":[{"taxonomy":"category","embeddable":true,"href":"https:\/\/www.plurinominal.com.mx\/index.php?rest_route=%2Fwp%2Fv2%2Fcategories&post=12157"},{"taxonomy":"post_tag","embeddable":true,"href":"https:\/\/www.plurinominal.com.mx\/index.php?rest_route=%2Fwp%2Fv2%2Ftags&post=12157"}],"curies":[{"name":"wp","href":"https:\/\/api.w.org\/{rel}","templated":true}]}}