{"id":1217,"date":"2012-01-10T19:53:45","date_gmt":"2012-01-11T01:53:45","guid":{"rendered":"http:\/\/www.plurinominal.com.mx\/?p=1217"},"modified":"2012-01-10T19:53:45","modified_gmt":"2012-01-11T01:53:45","slug":"regreso-a-cerritos-el-lic-mateo","status":"publish","type":"post","link":"https:\/\/www.plurinominal.com.mx\/?p=1217","title":{"rendered":"Regres\u00f3 a Cerritos el \u201cLic. Mateo\u201d"},"content":{"rendered":"<figure id=\"attachment_1218\" aria-describedby=\"caption-attachment-1218\" style=\"width: 224px\" class=\"wp-caption alignleft\"><a href=\"https:\/\/www.plurinominal.com.mx\/wp-content\/uploads\/lic-mateo.jpg\"><img loading=\"lazy\" decoding=\"async\" class=\"size-medium wp-image-1218\" title=\"lic mateo\" src=\"https:\/\/www.plurinominal.com.mx\/wp-content\/uploads\/lic-mateo-224x300.jpg\" alt=\"\" width=\"224\" height=\"300\" srcset=\"https:\/\/www.plurinominal.com.mx\/wp-content\/uploads\/lic-mateo-224x300.jpg 224w, https:\/\/www.plurinominal.com.mx\/wp-content\/uploads\/lic-mateo.jpg 283w\" sizes=\"auto, (max-width: 224px) 100vw, 224px\" \/><\/a><figcaption id=\"caption-attachment-1218\" class=\"wp-caption-text\">En la imagen, el Lic. Mateo en espera de los socorristas que lo trasladar\u00edan a Cerritos a bordo de una ambulancia conducida por Antonio Lozano.<\/figcaption><\/figure>\n<p>Luego de estar casi un mes hospitalizado a causa de una intervenci\u00f3n quir\u00fargica que se determin\u00f3 a consecuencia de un fuerte golpe en el cr\u00e1neo, el Lic. Mateo Serna Mart\u00ednez regres\u00f3 este martes a su ciudad natal, Cerritos SLP, donde se recupera satisfactoriamente. Su familia, solicit\u00f3 a Plurinominal hacer un agradecimiento p\u00fablico por las innumerables muestras de apoyo recibidas derivadas de amplios sectores de la sociedad.<\/p>\n","protected":false},"excerpt":{"rendered":"<p>Luego de estar casi un mes hospitalizado a causa de una intervenci\u00f3n quir\u00fargica que se determin\u00f3 a consecuencia de un fuerte golpe en el cr\u00e1neo, el Lic. Mateo Serna Mart\u00ednez&#8230;<\/p>\n","protected":false},"author":1,"featured_media":0,"comment_status":"closed","ping_status":"open","sticky":false,"template":"","format":"standard","meta":{"footnotes":""},"categories":[3],"tags":[],"class_list":["post-1217","post","type-post","status-publish","format-standard","hentry","category-cerritos","entry","simple"],"_links":{"self":[{"href":"https:\/\/www.plurinominal.com.mx\/index.php?rest_route=\/wp\/v2\/posts\/1217","targetHints":{"allow":["GET"]}}],"collection":[{"href":"https:\/\/www.plurinominal.com.mx\/index.php?rest_route=\/wp\/v2\/posts"}],"about":[{"href":"https:\/\/www.plurinominal.com.mx\/index.php?rest_route=\/wp\/v2\/types\/post"}],"author":[{"embeddable":true,"href":"https:\/\/www.plurinominal.com.mx\/index.php?rest_route=\/wp\/v2\/users\/1"}],"replies":[{"embeddable":true,"href":"https:\/\/www.plurinominal.com.mx\/index.php?rest_route=%2Fwp%2Fv2%2Fcomments&post=1217"}],"version-history":[{"count":0,"href":"https:\/\/www.plurinominal.com.mx\/index.php?rest_route=\/wp\/v2\/posts\/1217\/revisions"}],"wp:attachment":[{"href":"https:\/\/www.plurinominal.com.mx\/index.php?rest_route=%2Fwp%2Fv2%2Fmedia&parent=1217"}],"wp:term":[{"taxonomy":"category","embeddable":true,"href":"https:\/\/www.plurinominal.com.mx\/index.php?rest_route=%2Fwp%2Fv2%2Fcategories&post=1217"},{"taxonomy":"post_tag","embeddable":true,"href":"https:\/\/www.plurinominal.com.mx\/index.php?rest_route=%2Fwp%2Fv2%2Ftags&post=1217"}],"curies":[{"name":"wp","href":"https:\/\/api.w.org\/{rel}","templated":true}]}}